{"id":5048,"date":"2026-03-11T11:45:31","date_gmt":"2026-03-11T10:45:31","guid":{"rendered":"https:\/\/institutoz-b.org\/?p=5048"},"modified":"2026-03-23T11:58:45","modified_gmt":"2026-03-23T10:58:45","slug":"el-profesor-javier-de-felipe-visita-el-instituto","status":"publish","type":"post","link":"https:\/\/institutoz-b.org\/en\/el-profesor-javier-de-felipe-visita-el-instituto\/","title":{"rendered":"Visit of Professor Javier de Felipe to the Zapata-Brice\u00f1o Institute"},"content":{"rendered":"<p>El Instituto Zapata-Brice\u00f1o de Neurociencia recibi\u00f3 recientemente la visita del bi\u00f3logo investigador especialista en el estudio anat\u00f3mico del cerebro humano, Javier de Felipe, que comparti\u00f3 con los investigadores del Instituto una jornada de intercambio cient\u00edfico y acad\u00e9mico.<\/p>\n\n\n\n<p>Durante su visita, el profesor De Felipe present\u00f3 algunos de los avances y reflexiones derivados de sus investigaciones actuales, en el marco de los proyectos y colaboraciones cient\u00edficas promovidos por el Instituto Zapata-Brice\u00f1o. La sesi\u00f3n permiti\u00f3 generar un espacio de di\u00e1logo abierto con los investigadores del Instituto, en el que se discutieron distintas perspectivas y enfoques sobre las investigaciones realizadas.<\/p>\n\n\n\n<p>Este encuentro ofreci\u00f3 una valiosa oportunidad para el intercambio de ideas, la discusi\u00f3n cient\u00edfica y el fortalecimiento de v\u00ednculos entre investigadores, contribuyendo al desarrollo de nuevas iniciativas de investigaci\u00f3n y colaboraci\u00f3n<\/p>","protected":false},"excerpt":{"rendered":"<p>El Instituto Zapata-Brice\u00f1o de Neurociencia recibi\u00f3 recientemente la visita del bi\u00f3logo investigador especialista en el estudio anat\u00f3mico del cerebro humano, Javier de Felipe, que comparti\u00f3 con los investigadores del Instituto una jornada de intercambio cient\u00edfico y acad\u00e9mico. Durante su visita, el profesor De Felipe present\u00f3 algunos de los avances y reflexiones derivados de sus investigaciones [&hellip;]<\/p>\n","protected":false},"author":15,"featured_media":4878,"comment_status":"open","ping_status":"open","sticky":false,"template":"","format":"standard","meta":{"_acf_changed":false,"footnotes":"","_links_to":"","_links_to_target":""},"categories":[33],"tags":[],"class_list":["post-5048","post","type-post","status-publish","format-standard","has-post-thumbnail","hentry","category-neurociencia"],"acf":[],"yoast_head":"<!-- This site is optimized with the Yoast SEO plugin v27.4 - https:\/\/yoast.com\/product\/yoast-seo-wordpress\/ -->\n<title>El Profesor Javier de Felipe visita el Instituto - Instituto Zapata-Brice\u00f1o<\/title>\n<meta name=\"robots\" content=\"index, follow, max-snippet:-1, max-image-preview:large, max-video-preview:-1\" \/>\n<link rel=\"canonical\" href=\"https:\/\/institutoz-b.org\/en\/el-profesor-javier-de-felipe-visita-el-instituto\/\" \/>\n<meta property=\"og:locale\" content=\"en_GB\" \/>\n<meta property=\"og:type\" content=\"article\" \/>\n<meta property=\"og:title\" content=\"El Profesor Javier de Felipe visita el Instituto - Instituto Zapata-Brice\u00f1o\" \/>\n<meta property=\"og:description\" content=\"El Instituto Zapata-Brice\u00f1o de Neurociencia recibi\u00f3 recientemente la visita del bi\u00f3logo investigador especialista en el estudio anat\u00f3mico del cerebro humano, Javier de Felipe, que comparti\u00f3 con los investigadores del Instituto una jornada de intercambio cient\u00edfico y acad\u00e9mico. Durante su visita, el profesor De Felipe present\u00f3 algunos de los avances y reflexiones derivados de sus investigaciones [&hellip;]\" \/>\n<meta property=\"og:url\" content=\"https:\/\/institutoz-b.org\/en\/el-profesor-javier-de-felipe-visita-el-instituto\/\" \/>\n<meta property=\"og:site_name\" content=\"Instituto Zapata-Brice\u00f1o\" \/>\n<meta property=\"article:publisher\" content=\"https:\/\/www.facebook.com\/fundacionhumanismoyciencia\" \/>\n<meta property=\"article:published_time\" content=\"2026-03-11T10:45:31+00:00\" \/>\n<meta property=\"article:modified_time\" content=\"2026-03-23T10:58:45+00:00\" \/>\n<meta property=\"og:image\" content=\"https:\/\/institutoz-b.org\/wp-content\/uploads\/2026\/03\/Visita_Javier_de_Felipe_web.jpg\" \/>\n\t<meta property=\"og:image:width\" content=\"577\" \/>\n\t<meta property=\"og:image:height\" content=\"360\" \/>\n\t<meta property=\"og:image:type\" content=\"image\/jpeg\" \/>\n<meta name=\"author\" content=\"Walter Hans Villacorta Mendoza\" \/>\n<meta name=\"twitter:card\" content=\"summary_large_image\" \/>\n<meta name=\"twitter:label1\" content=\"Written by\" \/>\n\t<meta name=\"twitter:data1\" content=\"Walter Hans Villacorta Mendoza\" \/>\n\t<meta name=\"twitter:label2\" content=\"Estimated reading time\" \/>\n\t<meta name=\"twitter:data2\" content=\"1 minute\" \/>\n<script type=\"application\/ld+json\" class=\"yoast-schema-graph\">{\"@context\":\"https:\\\/\\\/schema.org\",\"@graph\":[{\"@type\":\"Article\",\"@id\":\"https:\\\/\\\/institutoz-b.org\\\/el-profesor-javier-de-felipe-visita-el-instituto\\\/#article\",\"isPartOf\":{\"@id\":\"https:\\\/\\\/institutoz-b.org\\\/el-profesor-javier-de-felipe-visita-el-instituto\\\/\"},\"author\":{\"name\":\"Walter Hans Villacorta Mendoza\",\"@id\":\"https:\\\/\\\/institutoz-b.org\\\/#\\\/schema\\\/person\\\/cdd465e33aa89ad3361c5606cc330561\"},\"headline\":\"El Profesor Javier de Felipe visita el Instituto\",\"datePublished\":\"2026-03-11T10:45:31+00:00\",\"dateModified\":\"2026-03-23T10:58:45+00:00\",\"mainEntityOfPage\":{\"@id\":\"https:\\\/\\\/institutoz-b.org\\\/el-profesor-javier-de-felipe-visita-el-instituto\\\/\"},\"wordCount\":150,\"commentCount\":0,\"publisher\":{\"@id\":\"https:\\\/\\\/institutoz-b.org\\\/#organization\"},\"image\":{\"@id\":\"https:\\\/\\\/institutoz-b.org\\\/el-profesor-javier-de-felipe-visita-el-instituto\\\/#primaryimage\"},\"thumbnailUrl\":\"https:\\\/\\\/institutoz-b.org\\\/wp-content\\\/uploads\\\/2026\\\/03\\\/Visita_Javier_de_Felipe_web.jpg\",\"articleSection\":[\"Neurociencia\"],\"inLanguage\":\"en-GB\",\"potentialAction\":[{\"@type\":\"CommentAction\",\"name\":\"Comment\",\"target\":[\"https:\\\/\\\/institutoz-b.org\\\/el-profesor-javier-de-felipe-visita-el-instituto\\\/#respond\"]}]},{\"@type\":\"WebPage\",\"@id\":\"https:\\\/\\\/institutoz-b.org\\\/el-profesor-javier-de-felipe-visita-el-instituto\\\/\",\"url\":\"https:\\\/\\\/institutoz-b.org\\\/el-profesor-javier-de-felipe-visita-el-instituto\\\/\",\"name\":\"El Profesor Javier de Felipe visita el Instituto - Instituto Zapata-Brice\u00f1o\",\"isPartOf\":{\"@id\":\"https:\\\/\\\/institutoz-b.org\\\/#website\"},\"primaryImageOfPage\":{\"@id\":\"https:\\\/\\\/institutoz-b.org\\\/el-profesor-javier-de-felipe-visita-el-instituto\\\/#primaryimage\"},\"image\":{\"@id\":\"https:\\\/\\\/institutoz-b.org\\\/el-profesor-javier-de-felipe-visita-el-instituto\\\/#primaryimage\"},\"thumbnailUrl\":\"https:\\\/\\\/institutoz-b.org\\\/wp-content\\\/uploads\\\/2026\\\/03\\\/Visita_Javier_de_Felipe_web.jpg\",\"datePublished\":\"2026-03-11T10:45:31+00:00\",\"dateModified\":\"2026-03-23T10:58:45+00:00\",\"breadcrumb\":{\"@id\":\"https:\\\/\\\/institutoz-b.org\\\/el-profesor-javier-de-felipe-visita-el-instituto\\\/#breadcrumb\"},\"inLanguage\":\"en-GB\",\"potentialAction\":[{\"@type\":\"ReadAction\",\"target\":[\"https:\\\/\\\/institutoz-b.org\\\/el-profesor-javier-de-felipe-visita-el-instituto\\\/\"]}]},{\"@type\":\"ImageObject\",\"inLanguage\":\"en-GB\",\"@id\":\"https:\\\/\\\/institutoz-b.org\\\/el-profesor-javier-de-felipe-visita-el-instituto\\\/#primaryimage\",\"url\":\"https:\\\/\\\/institutoz-b.org\\\/wp-content\\\/uploads\\\/2026\\\/03\\\/Visita_Javier_de_Felipe_web.jpg\",\"contentUrl\":\"https:\\\/\\\/institutoz-b.org\\\/wp-content\\\/uploads\\\/2026\\\/03\\\/Visita_Javier_de_Felipe_web.jpg\",\"width\":577,\"height\":360,\"caption\":\"Visita_Javier_de_Felipe\"},{\"@type\":\"BreadcrumbList\",\"@id\":\"https:\\\/\\\/institutoz-b.org\\\/el-profesor-javier-de-felipe-visita-el-instituto\\\/#breadcrumb\",\"itemListElement\":[{\"@type\":\"ListItem\",\"position\":1,\"name\":\"Portada\",\"item\":\"https:\\\/\\\/institutoz-b.org\\\/\"},{\"@type\":\"ListItem\",\"position\":2,\"name\":\"El Profesor Javier de Felipe visita el Instituto\"}]},{\"@type\":\"WebSite\",\"@id\":\"https:\\\/\\\/institutoz-b.org\\\/#website\",\"url\":\"https:\\\/\\\/institutoz-b.org\\\/\",\"name\":\"Instituto Zapata-Brice\u00f1o de Neurociencia\",\"description\":\"Investigaci\u00f3n de la Inteligencia Humana\",\"publisher\":{\"@id\":\"https:\\\/\\\/institutoz-b.org\\\/#organization\"},\"potentialAction\":[{\"@type\":\"SearchAction\",\"target\":{\"@type\":\"EntryPoint\",\"urlTemplate\":\"https:\\\/\\\/institutoz-b.org\\\/?s={search_term_string}\"},\"query-input\":{\"@type\":\"PropertyValueSpecification\",\"valueRequired\":true,\"valueName\":\"search_term_string\"}}],\"inLanguage\":\"en-GB\"},{\"@type\":\"Organization\",\"@id\":\"https:\\\/\\\/institutoz-b.org\\\/#organization\",\"name\":\"Instituto Zapata-Brice\u00f1o de Neurociencia\",\"url\":\"https:\\\/\\\/institutoz-b.org\\\/\",\"logo\":{\"@type\":\"ImageObject\",\"inLanguage\":\"en-GB\",\"@id\":\"https:\\\/\\\/institutoz-b.org\\\/#\\\/schema\\\/logo\\\/image\\\/\",\"url\":\"https:\\\/\\\/institutoz-b.org\\\/wp-content\\\/uploads\\\/2025\\\/01\\\/Logo_yoast_1.jpg\",\"contentUrl\":\"https:\\\/\\\/institutoz-b.org\\\/wp-content\\\/uploads\\\/2025\\\/01\\\/Logo_yoast_1.jpg\",\"width\":696,\"height\":696,\"caption\":\"Instituto Zapata-Brice\u00f1o de Neurociencia\"},\"image\":{\"@id\":\"https:\\\/\\\/institutoz-b.org\\\/#\\\/schema\\\/logo\\\/image\\\/\"},\"sameAs\":[\"https:\\\/\\\/www.facebook.com\\\/fundacionhumanismoyciencia\",\"https:\\\/\\\/www.instagram.com\\\/fundacionhumanismoyciencia_\\\/\",\"https:\\\/\\\/www.linkedin.com\\\/company\\\/fundacion-humanismo-y-ciencia\\\/\",\"https:\\\/\\\/www.youtube.com\\\/@fundacion_humanismo_ciencia\"]},{\"@type\":\"Person\",\"@id\":\"https:\\\/\\\/institutoz-b.org\\\/#\\\/schema\\\/person\\\/cdd465e33aa89ad3361c5606cc330561\",\"name\":\"Walter Hans Villacorta Mendoza\",\"image\":{\"@type\":\"ImageObject\",\"inLanguage\":\"en-GB\",\"@id\":\"https:\\\/\\\/secure.gravatar.com\\\/avatar\\\/d7742f9fb89fcf5b02cd9258b12ec28a501235f5eab924dd903995064b4b15ae?s=96&d=mm&r=g\",\"url\":\"https:\\\/\\\/secure.gravatar.com\\\/avatar\\\/d7742f9fb89fcf5b02cd9258b12ec28a501235f5eab924dd903995064b4b15ae?s=96&d=mm&r=g\",\"contentUrl\":\"https:\\\/\\\/secure.gravatar.com\\\/avatar\\\/d7742f9fb89fcf5b02cd9258b12ec28a501235f5eab924dd903995064b4b15ae?s=96&d=mm&r=g\",\"caption\":\"Walter Hans Villacorta Mendoza\"},\"sameAs\":[\"https:\\\/\\\/www.institutoz-b.org\"]}]}<\/script>\n<!-- \/ Yoast SEO plugin. -->","yoast_head_json":{"title":"El Profesor Javier de Felipe visita el Instituto - Instituto Zapata-Brice\u00f1o","robots":{"index":"index","follow":"follow","max-snippet":"max-snippet:-1","max-image-preview":"max-image-preview:large","max-video-preview":"max-video-preview:-1"},"canonical":"https:\/\/institutoz-b.org\/en\/el-profesor-javier-de-felipe-visita-el-instituto\/","og_locale":"en_GB","og_type":"article","og_title":"El Profesor Javier de Felipe visita el Instituto - Instituto Zapata-Brice\u00f1o","og_description":"El Instituto Zapata-Brice\u00f1o de Neurociencia recibi\u00f3 recientemente la visita del bi\u00f3logo investigador especialista en el estudio anat\u00f3mico del cerebro humano, Javier de Felipe, que comparti\u00f3 con los investigadores del Instituto una jornada de intercambio cient\u00edfico y acad\u00e9mico. Durante su visita, el profesor De Felipe present\u00f3 algunos de los avances y reflexiones derivados de sus investigaciones [&hellip;]","og_url":"https:\/\/institutoz-b.org\/en\/el-profesor-javier-de-felipe-visita-el-instituto\/","og_site_name":"Instituto Zapata-Brice\u00f1o","article_publisher":"https:\/\/www.facebook.com\/fundacionhumanismoyciencia","article_published_time":"2026-03-11T10:45:31+00:00","article_modified_time":"2026-03-23T10:58:45+00:00","og_image":[{"width":577,"height":360,"url":"https:\/\/institutoz-b.org\/wp-content\/uploads\/2026\/03\/Visita_Javier_de_Felipe_web.jpg","type":"image\/jpeg"}],"author":"Walter Hans Villacorta Mendoza","twitter_card":"summary_large_image","twitter_misc":{"Written by":"Walter Hans Villacorta Mendoza","Estimated reading time":"1 minute"},"schema":{"@context":"https:\/\/schema.org","@graph":[{"@type":"Article","@id":"https:\/\/institutoz-b.org\/el-profesor-javier-de-felipe-visita-el-instituto\/#article","isPartOf":{"@id":"https:\/\/institutoz-b.org\/el-profesor-javier-de-felipe-visita-el-instituto\/"},"author":{"name":"Walter Hans Villacorta Mendoza","@id":"https:\/\/institutoz-b.org\/#\/schema\/person\/cdd465e33aa89ad3361c5606cc330561"},"headline":"El Profesor Javier de Felipe visita el Instituto","datePublished":"2026-03-11T10:45:31+00:00","dateModified":"2026-03-23T10:58:45+00:00","mainEntityOfPage":{"@id":"https:\/\/institutoz-b.org\/el-profesor-javier-de-felipe-visita-el-instituto\/"},"wordCount":150,"commentCount":0,"publisher":{"@id":"https:\/\/institutoz-b.org\/#organization"},"image":{"@id":"https:\/\/institutoz-b.org\/el-profesor-javier-de-felipe-visita-el-instituto\/#primaryimage"},"thumbnailUrl":"https:\/\/institutoz-b.org\/wp-content\/uploads\/2026\/03\/Visita_Javier_de_Felipe_web.jpg","articleSection":["Neurociencia"],"inLanguage":"en-GB","potentialAction":[{"@type":"CommentAction","name":"Comment","target":["https:\/\/institutoz-b.org\/el-profesor-javier-de-felipe-visita-el-instituto\/#respond"]}]},{"@type":"WebPage","@id":"https:\/\/institutoz-b.org\/el-profesor-javier-de-felipe-visita-el-instituto\/","url":"https:\/\/institutoz-b.org\/el-profesor-javier-de-felipe-visita-el-instituto\/","name":"El Profesor Javier de Felipe visita el Instituto - Instituto Zapata-Brice\u00f1o","isPartOf":{"@id":"https:\/\/institutoz-b.org\/#website"},"primaryImageOfPage":{"@id":"https:\/\/institutoz-b.org\/el-profesor-javier-de-felipe-visita-el-instituto\/#primaryimage"},"image":{"@id":"https:\/\/institutoz-b.org\/el-profesor-javier-de-felipe-visita-el-instituto\/#primaryimage"},"thumbnailUrl":"https:\/\/institutoz-b.org\/wp-content\/uploads\/2026\/03\/Visita_Javier_de_Felipe_web.jpg","datePublished":"2026-03-11T10:45:31+00:00","dateModified":"2026-03-23T10:58:45+00:00","breadcrumb":{"@id":"https:\/\/institutoz-b.org\/el-profesor-javier-de-felipe-visita-el-instituto\/#breadcrumb"},"inLanguage":"en-GB","potentialAction":[{"@type":"ReadAction","target":["https:\/\/institutoz-b.org\/el-profesor-javier-de-felipe-visita-el-instituto\/"]}]},{"@type":"ImageObject","inLanguage":"en-GB","@id":"https:\/\/institutoz-b.org\/el-profesor-javier-de-felipe-visita-el-instituto\/#primaryimage","url":"https:\/\/institutoz-b.org\/wp-content\/uploads\/2026\/03\/Visita_Javier_de_Felipe_web.jpg","contentUrl":"https:\/\/institutoz-b.org\/wp-content\/uploads\/2026\/03\/Visita_Javier_de_Felipe_web.jpg","width":577,"height":360,"caption":"Visita_Javier_de_Felipe"},{"@type":"BreadcrumbList","@id":"https:\/\/institutoz-b.org\/el-profesor-javier-de-felipe-visita-el-instituto\/#breadcrumb","itemListElement":[{"@type":"ListItem","position":1,"name":"Portada","item":"https:\/\/institutoz-b.org\/"},{"@type":"ListItem","position":2,"name":"El Profesor Javier de Felipe visita el Instituto"}]},{"@type":"WebSite","@id":"https:\/\/institutoz-b.org\/#website","url":"https:\/\/institutoz-b.org\/","name":"Instituto Zapata-Brice\u00f1o de Neurociencia","description":"Investigaci\u00f3n de la Inteligencia Humana","publisher":{"@id":"https:\/\/institutoz-b.org\/#organization"},"potentialAction":[{"@type":"SearchAction","target":{"@type":"EntryPoint","urlTemplate":"https:\/\/institutoz-b.org\/?s={search_term_string}"},"query-input":{"@type":"PropertyValueSpecification","valueRequired":true,"valueName":"search_term_string"}}],"inLanguage":"en-GB"},{"@type":"Organization","@id":"https:\/\/institutoz-b.org\/#organization","name":"Instituto Zapata-Brice\u00f1o de Neurociencia","url":"https:\/\/institutoz-b.org\/","logo":{"@type":"ImageObject","inLanguage":"en-GB","@id":"https:\/\/institutoz-b.org\/#\/schema\/logo\/image\/","url":"https:\/\/institutoz-b.org\/wp-content\/uploads\/2025\/01\/Logo_yoast_1.jpg","contentUrl":"https:\/\/institutoz-b.org\/wp-content\/uploads\/2025\/01\/Logo_yoast_1.jpg","width":696,"height":696,"caption":"Instituto Zapata-Brice\u00f1o de Neurociencia"},"image":{"@id":"https:\/\/institutoz-b.org\/#\/schema\/logo\/image\/"},"sameAs":["https:\/\/www.facebook.com\/fundacionhumanismoyciencia","https:\/\/www.instagram.com\/fundacionhumanismoyciencia_\/","https:\/\/www.linkedin.com\/company\/fundacion-humanismo-y-ciencia\/","https:\/\/www.youtube.com\/@fundacion_humanismo_ciencia"]},{"@type":"Person","@id":"https:\/\/institutoz-b.org\/#\/schema\/person\/cdd465e33aa89ad3361c5606cc330561","name":"Walter Hans Villacorta Mendoza","image":{"@type":"ImageObject","inLanguage":"en-GB","@id":"https:\/\/secure.gravatar.com\/avatar\/d7742f9fb89fcf5b02cd9258b12ec28a501235f5eab924dd903995064b4b15ae?s=96&d=mm&r=g","url":"https:\/\/secure.gravatar.com\/avatar\/d7742f9fb89fcf5b02cd9258b12ec28a501235f5eab924dd903995064b4b15ae?s=96&d=mm&r=g","contentUrl":"https:\/\/secure.gravatar.com\/avatar\/d7742f9fb89fcf5b02cd9258b12ec28a501235f5eab924dd903995064b4b15ae?s=96&d=mm&r=g","caption":"Walter Hans Villacorta Mendoza"},"sameAs":["https:\/\/www.institutoz-b.org"]}]}},"_links":{"self":[{"href":"https:\/\/institutoz-b.org\/en\/wp-json\/wp\/v2\/posts\/5048","targetHints":{"allow":["GET"]}}],"collection":[{"href":"https:\/\/institutoz-b.org\/en\/wp-json\/wp\/v2\/posts"}],"about":[{"href":"https:\/\/institutoz-b.org\/en\/wp-json\/wp\/v2\/types\/post"}],"author":[{"embeddable":true,"href":"https:\/\/institutoz-b.org\/en\/wp-json\/wp\/v2\/users\/15"}],"replies":[{"embeddable":true,"href":"https:\/\/institutoz-b.org\/en\/wp-json\/wp\/v2\/comments?post=5048"}],"version-history":[{"count":1,"href":"https:\/\/institutoz-b.org\/en\/wp-json\/wp\/v2\/posts\/5048\/revisions"}],"predecessor-version":[{"id":5049,"href":"https:\/\/institutoz-b.org\/en\/wp-json\/wp\/v2\/posts\/5048\/revisions\/5049"}],"wp:featuredmedia":[{"embeddable":true,"href":"https:\/\/institutoz-b.org\/en\/wp-json\/wp\/v2\/media\/4878"}],"wp:attachment":[{"href":"https:\/\/institutoz-b.org\/en\/wp-json\/wp\/v2\/media?parent=5048"}],"wp:term":[{"taxonomy":"category","embeddable":true,"href":"https:\/\/institutoz-b.org\/en\/wp-json\/wp\/v2\/categories?post=5048"},{"taxonomy":"post_tag","embeddable":true,"href":"https:\/\/institutoz-b.org\/en\/wp-json\/wp\/v2\/tags?post=5048"}],"curies":[{"name":"wp","href":"https:\/\/api.w.org\/{rel}","templated":true}]}}