{"id":5050,"date":"2026-01-02T12:00:00","date_gmt":"2026-01-02T11:00:00","guid":{"rendered":"https:\/\/institutoz-b.org\/?p=5050"},"modified":"2026-03-26T17:30:30","modified_gmt":"2026-03-26T16:30:30","slug":"encuentro-navideno-del-instituto","status":"publish","type":"post","link":"https:\/\/institutoz-b.org\/en\/encuentro-navideno-del-instituto\/","title":{"rendered":"Christmas gathering of the Institute"},"content":{"rendered":"<p>Durante el mes de diciembre, el Instituto Zapata-Brice\u00f1o de Neurociencia celebr\u00f3 en su sede un encuentro navide\u00f1o en el que participaron investigadores, colaboradores y personal administrativo del Instituto, en un ambiente distendido de convivencia y cierre de a\u00f1o.<\/p>\n\n\n\n<p>La reuni\u00f3n sirvi\u00f3 como espacio para compartir, agradecer el trabajo realizado durante el a\u00f1o y reforzar los lazos humanos y profesionales que sostienen la actividad cient\u00edfica del Instituto. Durante el encuentro se puso en valor el compromiso colectivo con la investigaci\u00f3n en neurociencia y la importancia del trabajo colaborativo entre los distintos equipos.<\/p>\n\n\n\n<p>Desde el Instituto Zapata-Brice\u00f1o de Neurociencia se destac\u00f3 la relevancia de este tipo de encuentros, que contribuyen a fortalecer la comunidad cient\u00edfica y humana del centro y a afrontar el nuevo a\u00f1o con ilusi\u00f3n, cohesi\u00f3n y nuevos retos compartidos.<\/p>","protected":false},"excerpt":{"rendered":"<p>Durante el mes de diciembre, el Instituto Zapata-Brice\u00f1o de Neurociencia celebr\u00f3 en su sede un encuentro navide\u00f1o en el que participaron investigadores, colaboradores y personal administrativo del Instituto, en un ambiente distendido de convivencia y cierre de a\u00f1o. La reuni\u00f3n sirvi\u00f3 como espacio para compartir, agradecer el trabajo realizado durante el a\u00f1o y reforzar los [&hellip;]<\/p>\n","protected":false},"author":15,"featured_media":4196,"comment_status":"open","ping_status":"open","sticky":false,"template":"","format":"standard","meta":{"_acf_changed":false,"footnotes":"","_links_to":"","_links_to_target":""},"categories":[35],"tags":[],"class_list":["post-5050","post","type-post","status-publish","format-standard","has-post-thumbnail","hentry","category-instituto"],"acf":[],"yoast_head":"<!-- This site is optimized with the Yoast SEO plugin v27.4 - https:\/\/yoast.com\/product\/yoast-seo-wordpress\/ -->\n<title>Encuentro navide\u00f1o del Instituto - Instituto Zapata-Brice\u00f1o<\/title>\n<meta name=\"description\" content=\"El Instituto Zapata-Brice\u00f1o de Neurociencia celebra su encuentro navide\u00f1o, fortaleciendo los lazos humanos que sostienen su labor cient\u00edfica.\" \/>\n<meta name=\"robots\" content=\"index, follow, max-snippet:-1, max-image-preview:large, max-video-preview:-1\" \/>\n<link rel=\"canonical\" href=\"https:\/\/institutoz-b.org\/en\/encuentro-navideno-del-instituto\/\" \/>\n<meta property=\"og:locale\" content=\"en_GB\" \/>\n<meta property=\"og:type\" content=\"article\" \/>\n<meta property=\"og:title\" content=\"Encuentro navide\u00f1o del Instituto - Instituto Zapata-Brice\u00f1o\" \/>\n<meta property=\"og:description\" content=\"El Instituto Zapata-Brice\u00f1o de Neurociencia celebra su encuentro navide\u00f1o, fortaleciendo los lazos humanos que sostienen su labor cient\u00edfica.\" \/>\n<meta property=\"og:url\" content=\"https:\/\/institutoz-b.org\/en\/encuentro-navideno-del-instituto\/\" \/>\n<meta property=\"og:site_name\" content=\"Instituto Zapata-Brice\u00f1o\" \/>\n<meta property=\"article:publisher\" content=\"https:\/\/www.facebook.com\/fundacionhumanismoyciencia\" \/>\n<meta property=\"article:published_time\" content=\"2026-01-02T11:00:00+00:00\" \/>\n<meta property=\"article:modified_time\" content=\"2026-03-26T16:30:30+00:00\" \/>\n<meta property=\"og:image\" content=\"https:\/\/institutoz-b.org\/wp-content\/uploads\/2026\/01\/Celebracion_Navidad_2025.jpg\" \/>\n\t<meta property=\"og:image:width\" content=\"577\" \/>\n\t<meta property=\"og:image:height\" content=\"360\" \/>\n\t<meta property=\"og:image:type\" content=\"image\/jpeg\" \/>\n<meta name=\"author\" content=\"Walter Hans Villacorta Mendoza\" \/>\n<meta name=\"twitter:card\" content=\"summary_large_image\" \/>\n<meta name=\"twitter:label1\" content=\"Written by\" \/>\n\t<meta name=\"twitter:data1\" content=\"Walter Hans Villacorta Mendoza\" \/>\n\t<meta name=\"twitter:label2\" content=\"Estimated reading time\" \/>\n\t<meta name=\"twitter:data2\" content=\"1 minute\" \/>\n<script type=\"application\/ld+json\" class=\"yoast-schema-graph\">{\"@context\":\"https:\\\/\\\/schema.org\",\"@graph\":[{\"@type\":\"Article\",\"@id\":\"https:\\\/\\\/institutoz-b.org\\\/encuentro-navideno-del-instituto\\\/#article\",\"isPartOf\":{\"@id\":\"https:\\\/\\\/institutoz-b.org\\\/encuentro-navideno-del-instituto\\\/\"},\"author\":{\"name\":\"Walter Hans Villacorta Mendoza\",\"@id\":\"https:\\\/\\\/institutoz-b.org\\\/#\\\/schema\\\/person\\\/cdd465e33aa89ad3361c5606cc330561\"},\"headline\":\"Encuentro navide\u00f1o del Instituto\",\"datePublished\":\"2026-01-02T11:00:00+00:00\",\"dateModified\":\"2026-03-26T16:30:30+00:00\",\"mainEntityOfPage\":{\"@id\":\"https:\\\/\\\/institutoz-b.org\\\/encuentro-navideno-del-instituto\\\/\"},\"wordCount\":147,\"commentCount\":0,\"publisher\":{\"@id\":\"https:\\\/\\\/institutoz-b.org\\\/#organization\"},\"image\":{\"@id\":\"https:\\\/\\\/institutoz-b.org\\\/encuentro-navideno-del-instituto\\\/#primaryimage\"},\"thumbnailUrl\":\"https:\\\/\\\/institutoz-b.org\\\/wp-content\\\/uploads\\\/2026\\\/01\\\/Celebracion_Navidad_2025.jpg\",\"articleSection\":[\"Instituto\"],\"inLanguage\":\"en-GB\",\"potentialAction\":[{\"@type\":\"CommentAction\",\"name\":\"Comment\",\"target\":[\"https:\\\/\\\/institutoz-b.org\\\/encuentro-navideno-del-instituto\\\/#respond\"]}]},{\"@type\":\"WebPage\",\"@id\":\"https:\\\/\\\/institutoz-b.org\\\/encuentro-navideno-del-instituto\\\/\",\"url\":\"https:\\\/\\\/institutoz-b.org\\\/encuentro-navideno-del-instituto\\\/\",\"name\":\"Encuentro navide\u00f1o del Instituto - Instituto Zapata-Brice\u00f1o\",\"isPartOf\":{\"@id\":\"https:\\\/\\\/institutoz-b.org\\\/#website\"},\"primaryImageOfPage\":{\"@id\":\"https:\\\/\\\/institutoz-b.org\\\/encuentro-navideno-del-instituto\\\/#primaryimage\"},\"image\":{\"@id\":\"https:\\\/\\\/institutoz-b.org\\\/encuentro-navideno-del-instituto\\\/#primaryimage\"},\"thumbnailUrl\":\"https:\\\/\\\/institutoz-b.org\\\/wp-content\\\/uploads\\\/2026\\\/01\\\/Celebracion_Navidad_2025.jpg\",\"datePublished\":\"2026-01-02T11:00:00+00:00\",\"dateModified\":\"2026-03-26T16:30:30+00:00\",\"description\":\"El Instituto Zapata-Brice\u00f1o de Neurociencia celebra su encuentro navide\u00f1o, fortaleciendo los lazos humanos que sostienen su labor cient\u00edfica.\",\"breadcrumb\":{\"@id\":\"https:\\\/\\\/institutoz-b.org\\\/encuentro-navideno-del-instituto\\\/#breadcrumb\"},\"inLanguage\":\"en-GB\",\"potentialAction\":[{\"@type\":\"ReadAction\",\"target\":[\"https:\\\/\\\/institutoz-b.org\\\/encuentro-navideno-del-instituto\\\/\"]}]},{\"@type\":\"ImageObject\",\"inLanguage\":\"en-GB\",\"@id\":\"https:\\\/\\\/institutoz-b.org\\\/encuentro-navideno-del-instituto\\\/#primaryimage\",\"url\":\"https:\\\/\\\/institutoz-b.org\\\/wp-content\\\/uploads\\\/2026\\\/01\\\/Celebracion_Navidad_2025.jpg\",\"contentUrl\":\"https:\\\/\\\/institutoz-b.org\\\/wp-content\\\/uploads\\\/2026\\\/01\\\/Celebracion_Navidad_2025.jpg\",\"width\":577,\"height\":360,\"caption\":\"Celebracion_Navidad_2025\"},{\"@type\":\"BreadcrumbList\",\"@id\":\"https:\\\/\\\/institutoz-b.org\\\/encuentro-navideno-del-instituto\\\/#breadcrumb\",\"itemListElement\":[{\"@type\":\"ListItem\",\"position\":1,\"name\":\"Portada\",\"item\":\"https:\\\/\\\/institutoz-b.org\\\/\"},{\"@type\":\"ListItem\",\"position\":2,\"name\":\"Encuentro navide\u00f1o del Instituto\"}]},{\"@type\":\"WebSite\",\"@id\":\"https:\\\/\\\/institutoz-b.org\\\/#website\",\"url\":\"https:\\\/\\\/institutoz-b.org\\\/\",\"name\":\"Instituto Zapata-Brice\u00f1o de Neurociencia\",\"description\":\"Investigaci\u00f3n de la Inteligencia Humana\",\"publisher\":{\"@id\":\"https:\\\/\\\/institutoz-b.org\\\/#organization\"},\"potentialAction\":[{\"@type\":\"SearchAction\",\"target\":{\"@type\":\"EntryPoint\",\"urlTemplate\":\"https:\\\/\\\/institutoz-b.org\\\/?s={search_term_string}\"},\"query-input\":{\"@type\":\"PropertyValueSpecification\",\"valueRequired\":true,\"valueName\":\"search_term_string\"}}],\"inLanguage\":\"en-GB\"},{\"@type\":\"Organization\",\"@id\":\"https:\\\/\\\/institutoz-b.org\\\/#organization\",\"name\":\"Instituto Zapata-Brice\u00f1o de Neurociencia\",\"url\":\"https:\\\/\\\/institutoz-b.org\\\/\",\"logo\":{\"@type\":\"ImageObject\",\"inLanguage\":\"en-GB\",\"@id\":\"https:\\\/\\\/institutoz-b.org\\\/#\\\/schema\\\/logo\\\/image\\\/\",\"url\":\"https:\\\/\\\/institutoz-b.org\\\/wp-content\\\/uploads\\\/2025\\\/01\\\/Logo_yoast_1.jpg\",\"contentUrl\":\"https:\\\/\\\/institutoz-b.org\\\/wp-content\\\/uploads\\\/2025\\\/01\\\/Logo_yoast_1.jpg\",\"width\":696,\"height\":696,\"caption\":\"Instituto Zapata-Brice\u00f1o de Neurociencia\"},\"image\":{\"@id\":\"https:\\\/\\\/institutoz-b.org\\\/#\\\/schema\\\/logo\\\/image\\\/\"},\"sameAs\":[\"https:\\\/\\\/www.facebook.com\\\/fundacionhumanismoyciencia\",\"https:\\\/\\\/www.instagram.com\\\/fundacionhumanismoyciencia_\\\/\",\"https:\\\/\\\/www.linkedin.com\\\/company\\\/fundacion-humanismo-y-ciencia\\\/\",\"https:\\\/\\\/www.youtube.com\\\/@fundacion_humanismo_ciencia\"]},{\"@type\":\"Person\",\"@id\":\"https:\\\/\\\/institutoz-b.org\\\/#\\\/schema\\\/person\\\/cdd465e33aa89ad3361c5606cc330561\",\"name\":\"Walter Hans Villacorta Mendoza\",\"image\":{\"@type\":\"ImageObject\",\"inLanguage\":\"en-GB\",\"@id\":\"https:\\\/\\\/secure.gravatar.com\\\/avatar\\\/d7742f9fb89fcf5b02cd9258b12ec28a501235f5eab924dd903995064b4b15ae?s=96&d=mm&r=g\",\"url\":\"https:\\\/\\\/secure.gravatar.com\\\/avatar\\\/d7742f9fb89fcf5b02cd9258b12ec28a501235f5eab924dd903995064b4b15ae?s=96&d=mm&r=g\",\"contentUrl\":\"https:\\\/\\\/secure.gravatar.com\\\/avatar\\\/d7742f9fb89fcf5b02cd9258b12ec28a501235f5eab924dd903995064b4b15ae?s=96&d=mm&r=g\",\"caption\":\"Walter Hans Villacorta Mendoza\"},\"sameAs\":[\"https:\\\/\\\/www.institutoz-b.org\"]}]}<\/script>\n<!-- \/ Yoast SEO plugin. -->","yoast_head_json":{"title":"Encuentro navide\u00f1o del Instituto - Instituto Zapata-Brice\u00f1o","description":"El Instituto Zapata-Brice\u00f1o de Neurociencia celebra su encuentro navide\u00f1o, fortaleciendo los lazos humanos que sostienen su labor cient\u00edfica.","robots":{"index":"index","follow":"follow","max-snippet":"max-snippet:-1","max-image-preview":"max-image-preview:large","max-video-preview":"max-video-preview:-1"},"canonical":"https:\/\/institutoz-b.org\/en\/encuentro-navideno-del-instituto\/","og_locale":"en_GB","og_type":"article","og_title":"Encuentro navide\u00f1o del Instituto - Instituto Zapata-Brice\u00f1o","og_description":"El Instituto Zapata-Brice\u00f1o de Neurociencia celebra su encuentro navide\u00f1o, fortaleciendo los lazos humanos que sostienen su labor cient\u00edfica.","og_url":"https:\/\/institutoz-b.org\/en\/encuentro-navideno-del-instituto\/","og_site_name":"Instituto Zapata-Brice\u00f1o","article_publisher":"https:\/\/www.facebook.com\/fundacionhumanismoyciencia","article_published_time":"2026-01-02T11:00:00+00:00","article_modified_time":"2026-03-26T16:30:30+00:00","og_image":[{"width":577,"height":360,"url":"https:\/\/institutoz-b.org\/wp-content\/uploads\/2026\/01\/Celebracion_Navidad_2025.jpg","type":"image\/jpeg"}],"author":"Walter Hans Villacorta Mendoza","twitter_card":"summary_large_image","twitter_misc":{"Written by":"Walter Hans Villacorta Mendoza","Estimated reading time":"1 minute"},"schema":{"@context":"https:\/\/schema.org","@graph":[{"@type":"Article","@id":"https:\/\/institutoz-b.org\/encuentro-navideno-del-instituto\/#article","isPartOf":{"@id":"https:\/\/institutoz-b.org\/encuentro-navideno-del-instituto\/"},"author":{"name":"Walter Hans Villacorta Mendoza","@id":"https:\/\/institutoz-b.org\/#\/schema\/person\/cdd465e33aa89ad3361c5606cc330561"},"headline":"Encuentro navide\u00f1o del Instituto","datePublished":"2026-01-02T11:00:00+00:00","dateModified":"2026-03-26T16:30:30+00:00","mainEntityOfPage":{"@id":"https:\/\/institutoz-b.org\/encuentro-navideno-del-instituto\/"},"wordCount":147,"commentCount":0,"publisher":{"@id":"https:\/\/institutoz-b.org\/#organization"},"image":{"@id":"https:\/\/institutoz-b.org\/encuentro-navideno-del-instituto\/#primaryimage"},"thumbnailUrl":"https:\/\/institutoz-b.org\/wp-content\/uploads\/2026\/01\/Celebracion_Navidad_2025.jpg","articleSection":["Instituto"],"inLanguage":"en-GB","potentialAction":[{"@type":"CommentAction","name":"Comment","target":["https:\/\/institutoz-b.org\/encuentro-navideno-del-instituto\/#respond"]}]},{"@type":"WebPage","@id":"https:\/\/institutoz-b.org\/encuentro-navideno-del-instituto\/","url":"https:\/\/institutoz-b.org\/encuentro-navideno-del-instituto\/","name":"Encuentro navide\u00f1o del Instituto - Instituto Zapata-Brice\u00f1o","isPartOf":{"@id":"https:\/\/institutoz-b.org\/#website"},"primaryImageOfPage":{"@id":"https:\/\/institutoz-b.org\/encuentro-navideno-del-instituto\/#primaryimage"},"image":{"@id":"https:\/\/institutoz-b.org\/encuentro-navideno-del-instituto\/#primaryimage"},"thumbnailUrl":"https:\/\/institutoz-b.org\/wp-content\/uploads\/2026\/01\/Celebracion_Navidad_2025.jpg","datePublished":"2026-01-02T11:00:00+00:00","dateModified":"2026-03-26T16:30:30+00:00","description":"El Instituto Zapata-Brice\u00f1o de Neurociencia celebra su encuentro navide\u00f1o, fortaleciendo los lazos humanos que sostienen su labor cient\u00edfica.","breadcrumb":{"@id":"https:\/\/institutoz-b.org\/encuentro-navideno-del-instituto\/#breadcrumb"},"inLanguage":"en-GB","potentialAction":[{"@type":"ReadAction","target":["https:\/\/institutoz-b.org\/encuentro-navideno-del-instituto\/"]}]},{"@type":"ImageObject","inLanguage":"en-GB","@id":"https:\/\/institutoz-b.org\/encuentro-navideno-del-instituto\/#primaryimage","url":"https:\/\/institutoz-b.org\/wp-content\/uploads\/2026\/01\/Celebracion_Navidad_2025.jpg","contentUrl":"https:\/\/institutoz-b.org\/wp-content\/uploads\/2026\/01\/Celebracion_Navidad_2025.jpg","width":577,"height":360,"caption":"Celebracion_Navidad_2025"},{"@type":"BreadcrumbList","@id":"https:\/\/institutoz-b.org\/encuentro-navideno-del-instituto\/#breadcrumb","itemListElement":[{"@type":"ListItem","position":1,"name":"Portada","item":"https:\/\/institutoz-b.org\/"},{"@type":"ListItem","position":2,"name":"Encuentro navide\u00f1o del Instituto"}]},{"@type":"WebSite","@id":"https:\/\/institutoz-b.org\/#website","url":"https:\/\/institutoz-b.org\/","name":"Instituto Zapata-Brice\u00f1o de Neurociencia","description":"Investigaci\u00f3n de la Inteligencia Humana","publisher":{"@id":"https:\/\/institutoz-b.org\/#organization"},"potentialAction":[{"@type":"SearchAction","target":{"@type":"EntryPoint","urlTemplate":"https:\/\/institutoz-b.org\/?s={search_term_string}"},"query-input":{"@type":"PropertyValueSpecification","valueRequired":true,"valueName":"search_term_string"}}],"inLanguage":"en-GB"},{"@type":"Organization","@id":"https:\/\/institutoz-b.org\/#organization","name":"Instituto Zapata-Brice\u00f1o de Neurociencia","url":"https:\/\/institutoz-b.org\/","logo":{"@type":"ImageObject","inLanguage":"en-GB","@id":"https:\/\/institutoz-b.org\/#\/schema\/logo\/image\/","url":"https:\/\/institutoz-b.org\/wp-content\/uploads\/2025\/01\/Logo_yoast_1.jpg","contentUrl":"https:\/\/institutoz-b.org\/wp-content\/uploads\/2025\/01\/Logo_yoast_1.jpg","width":696,"height":696,"caption":"Instituto Zapata-Brice\u00f1o de Neurociencia"},"image":{"@id":"https:\/\/institutoz-b.org\/#\/schema\/logo\/image\/"},"sameAs":["https:\/\/www.facebook.com\/fundacionhumanismoyciencia","https:\/\/www.instagram.com\/fundacionhumanismoyciencia_\/","https:\/\/www.linkedin.com\/company\/fundacion-humanismo-y-ciencia\/","https:\/\/www.youtube.com\/@fundacion_humanismo_ciencia"]},{"@type":"Person","@id":"https:\/\/institutoz-b.org\/#\/schema\/person\/cdd465e33aa89ad3361c5606cc330561","name":"Walter Hans Villacorta Mendoza","image":{"@type":"ImageObject","inLanguage":"en-GB","@id":"https:\/\/secure.gravatar.com\/avatar\/d7742f9fb89fcf5b02cd9258b12ec28a501235f5eab924dd903995064b4b15ae?s=96&d=mm&r=g","url":"https:\/\/secure.gravatar.com\/avatar\/d7742f9fb89fcf5b02cd9258b12ec28a501235f5eab924dd903995064b4b15ae?s=96&d=mm&r=g","contentUrl":"https:\/\/secure.gravatar.com\/avatar\/d7742f9fb89fcf5b02cd9258b12ec28a501235f5eab924dd903995064b4b15ae?s=96&d=mm&r=g","caption":"Walter Hans Villacorta Mendoza"},"sameAs":["https:\/\/www.institutoz-b.org"]}]}},"_links":{"self":[{"href":"https:\/\/institutoz-b.org\/en\/wp-json\/wp\/v2\/posts\/5050","targetHints":{"allow":["GET"]}}],"collection":[{"href":"https:\/\/institutoz-b.org\/en\/wp-json\/wp\/v2\/posts"}],"about":[{"href":"https:\/\/institutoz-b.org\/en\/wp-json\/wp\/v2\/types\/post"}],"author":[{"embeddable":true,"href":"https:\/\/institutoz-b.org\/en\/wp-json\/wp\/v2\/users\/15"}],"replies":[{"embeddable":true,"href":"https:\/\/institutoz-b.org\/en\/wp-json\/wp\/v2\/comments?post=5050"}],"version-history":[{"count":1,"href":"https:\/\/institutoz-b.org\/en\/wp-json\/wp\/v2\/posts\/5050\/revisions"}],"predecessor-version":[{"id":5051,"href":"https:\/\/institutoz-b.org\/en\/wp-json\/wp\/v2\/posts\/5050\/revisions\/5051"}],"wp:featuredmedia":[{"embeddable":true,"href":"https:\/\/institutoz-b.org\/en\/wp-json\/wp\/v2\/media\/4196"}],"wp:attachment":[{"href":"https:\/\/institutoz-b.org\/en\/wp-json\/wp\/v2\/media?parent=5050"}],"wp:term":[{"taxonomy":"category","embeddable":true,"href":"https:\/\/institutoz-b.org\/en\/wp-json\/wp\/v2\/categories?post=5050"},{"taxonomy":"post_tag","embeddable":true,"href":"https:\/\/institutoz-b.org\/en\/wp-json\/wp\/v2\/tags?post=5050"}],"curies":[{"name":"wp","href":"https:\/\/api.w.org\/{rel}","templated":true}]}}