{"id":5064,"date":"2025-07-17T12:44:00","date_gmt":"2025-07-17T10:44:00","guid":{"rendered":"https:\/\/institutoz-b.org\/?p=5064"},"modified":"2026-03-26T17:29:07","modified_gmt":"2026-03-26T16:29:07","slug":"cns2025-florencia","status":"publish","type":"post","link":"https:\/\/institutoz-b.org\/en\/cns2025-florencia\/","title":{"rendered":"CNS2025-Florence"},"content":{"rendered":"<p>Del 5 al 9 de julio, la ciudad de Florencia fue sede de la 34\u00aa Reuni\u00f3n Anual de la Organizaci\u00f3n para las Neurociencias Computacionales (OCNS), uno de los encuentros internacionales m\u00e1s relevantes en el campo de la neurociencia te\u00f3rica y computacional. El evento, celebrado en el emblem\u00e1tico Palazzo dei Congressi, reuni\u00f3 a m\u00e1s de 540 delegados procedentes de distintas partes del mundo.<\/p>\n\n\n\n<p>La conferencia CNS, cuyos or\u00edgenes se remontan a la d\u00e9cada de 1990 en Berkeley (California), se ha consolidado como un espacio clave de intercambio entre la neurociencia experimental y el an\u00e1lisis computacional. En esta edici\u00f3n, destacaron las ponencias de figuras de referencia como Ken Miller (Columbia University), Konrad Kording (University of Pennsylvania), Sara Solla (Northwestern University) y Maurizio Mattia (Istituto Superiore di Sanit\u00e0), entre otros.<\/p>\n\n\n\n<p>Por parte del Instituto Zapata-Brice\u00f1o de Neurociencia, participaron dos investigadores: los f\u00edsicos y neurocient\u00edficos computacionales Saeed Taghavi y Pablo Vizca\u00edno. Ambos forman parte del equipo de modelado neuronal del Instituto, dedicado al estudio de los mecanismos din\u00e1micos del cerebro mediante simulaciones num\u00e9ricas y an\u00e1lisis de datos.<\/p>\n\n\n\n<p>Durante el congreso, Pablo Vizca\u00edno present\u00f3 un p\u00f3ster sobre la din\u00e1mica de la columna cortical, mientras que Saeed Taghavi expuso su trabajo sobre el fen\u00f3meno de arrastre neuronal (entrainment) inducido por estimulaci\u00f3n el\u00e9ctrica transcraneal alternante (tACS).<\/p>\n\n\n\n<p>Para el Instituto Zapata-Brice\u00f1o, la participaci\u00f3n en congresos de esta magnitud representa una valiosa oportunidad para fortalecer su proyecci\u00f3n internacional y reafirmar su compromiso con una ciencia interdisciplinaria, rigurosa y orientada a comprender los fundamentos biol\u00f3gicos de la inteligencia humana.<\/p>","protected":false},"excerpt":{"rendered":"<p>Del 5 al 9 de julio, la ciudad de Florencia fue sede de la 34\u00aa Reuni\u00f3n Anual de la Organizaci\u00f3n para las Neurociencias Computacionales (OCNS), uno de los encuentros internacionales m\u00e1s relevantes en el campo de la neurociencia te\u00f3rica y computacional. El evento, celebrado en el emblem\u00e1tico Palazzo dei Congressi, reuni\u00f3 a m\u00e1s de 540 [&hellip;]<\/p>\n","protected":false},"author":15,"featured_media":3581,"comment_status":"open","ping_status":"open","sticky":false,"template":"","format":"standard","meta":{"_acf_changed":false,"footnotes":"","_links_to":"","_links_to_target":""},"categories":[33],"tags":[],"class_list":["post-5064","post","type-post","status-publish","format-standard","has-post-thumbnail","hentry","category-neurociencia"],"acf":[],"yoast_head":"<!-- This site is optimized with the Yoast SEO plugin v27.4 - https:\/\/yoast.com\/product\/yoast-seo-wordpress\/ -->\n<title>CNS2025-Florencia - Instituto Zapata-Brice\u00f1o<\/title>\n<meta name=\"description\" content=\"El Instituto Zapata-Brice\u00f1o de Neurociencia participa en CNS 2025 en Florencia, reforzando su proyecci\u00f3n internacional en neurociencia computacional.\" \/>\n<meta name=\"robots\" content=\"index, follow, max-snippet:-1, max-image-preview:large, max-video-preview:-1\" \/>\n<link rel=\"canonical\" href=\"https:\/\/institutoz-b.org\/en\/cns2025-florencia\/\" \/>\n<meta property=\"og:locale\" content=\"en_GB\" \/>\n<meta property=\"og:type\" content=\"article\" \/>\n<meta property=\"og:title\" content=\"CNS2025-Florencia - Instituto Zapata-Brice\u00f1o\" \/>\n<meta property=\"og:description\" content=\"El Instituto Zapata-Brice\u00f1o de Neurociencia participa en CNS 2025 en Florencia, reforzando su proyecci\u00f3n internacional en neurociencia computacional.\" \/>\n<meta property=\"og:url\" content=\"https:\/\/institutoz-b.org\/en\/cns2025-florencia\/\" \/>\n<meta property=\"og:site_name\" content=\"Instituto Zapata-Brice\u00f1o\" \/>\n<meta property=\"article:publisher\" content=\"https:\/\/www.facebook.com\/fundacionhumanismoyciencia\" \/>\n<meta property=\"article:published_time\" content=\"2025-07-17T10:44:00+00:00\" \/>\n<meta property=\"article:modified_time\" content=\"2026-03-26T16:29:07+00:00\" \/>\n<meta property=\"og:image\" content=\"https:\/\/institutoz-b.org\/wp-content\/uploads\/2025\/07\/cns-2025-web.jpg\" \/>\n\t<meta property=\"og:image:width\" content=\"800\" \/>\n\t<meta property=\"og:image:height\" content=\"500\" \/>\n\t<meta property=\"og:image:type\" content=\"image\/jpeg\" \/>\n<meta name=\"author\" content=\"Walter Hans Villacorta Mendoza\" \/>\n<meta name=\"twitter:card\" content=\"summary_large_image\" \/>\n<meta name=\"twitter:label1\" content=\"Written by\" \/>\n\t<meta name=\"twitter:data1\" content=\"Walter Hans Villacorta Mendoza\" \/>\n\t<meta name=\"twitter:label2\" content=\"Estimated reading time\" \/>\n\t<meta name=\"twitter:data2\" content=\"2 minutes\" \/>\n<script type=\"application\/ld+json\" class=\"yoast-schema-graph\">{\"@context\":\"https:\\\/\\\/schema.org\",\"@graph\":[{\"@type\":\"Article\",\"@id\":\"https:\\\/\\\/institutoz-b.org\\\/cns2025-florencia\\\/#article\",\"isPartOf\":{\"@id\":\"https:\\\/\\\/institutoz-b.org\\\/cns2025-florencia\\\/\"},\"author\":{\"name\":\"Walter Hans Villacorta Mendoza\",\"@id\":\"https:\\\/\\\/institutoz-b.org\\\/#\\\/schema\\\/person\\\/cdd465e33aa89ad3361c5606cc330561\"},\"headline\":\"CNS2025-Florencia\",\"datePublished\":\"2025-07-17T10:44:00+00:00\",\"dateModified\":\"2026-03-26T16:29:07+00:00\",\"mainEntityOfPage\":{\"@id\":\"https:\\\/\\\/institutoz-b.org\\\/cns2025-florencia\\\/\"},\"wordCount\":273,\"commentCount\":0,\"publisher\":{\"@id\":\"https:\\\/\\\/institutoz-b.org\\\/#organization\"},\"image\":{\"@id\":\"https:\\\/\\\/institutoz-b.org\\\/cns2025-florencia\\\/#primaryimage\"},\"thumbnailUrl\":\"https:\\\/\\\/institutoz-b.org\\\/wp-content\\\/uploads\\\/2025\\\/07\\\/cns-2025-web.jpg\",\"articleSection\":[\"Neurociencia\"],\"inLanguage\":\"en-GB\",\"potentialAction\":[{\"@type\":\"CommentAction\",\"name\":\"Comment\",\"target\":[\"https:\\\/\\\/institutoz-b.org\\\/cns2025-florencia\\\/#respond\"]}]},{\"@type\":\"WebPage\",\"@id\":\"https:\\\/\\\/institutoz-b.org\\\/cns2025-florencia\\\/\",\"url\":\"https:\\\/\\\/institutoz-b.org\\\/cns2025-florencia\\\/\",\"name\":\"CNS2025-Florencia - Instituto Zapata-Brice\u00f1o\",\"isPartOf\":{\"@id\":\"https:\\\/\\\/institutoz-b.org\\\/#website\"},\"primaryImageOfPage\":{\"@id\":\"https:\\\/\\\/institutoz-b.org\\\/cns2025-florencia\\\/#primaryimage\"},\"image\":{\"@id\":\"https:\\\/\\\/institutoz-b.org\\\/cns2025-florencia\\\/#primaryimage\"},\"thumbnailUrl\":\"https:\\\/\\\/institutoz-b.org\\\/wp-content\\\/uploads\\\/2025\\\/07\\\/cns-2025-web.jpg\",\"datePublished\":\"2025-07-17T10:44:00+00:00\",\"dateModified\":\"2026-03-26T16:29:07+00:00\",\"description\":\"El Instituto Zapata-Brice\u00f1o de Neurociencia participa en CNS 2025 en Florencia, reforzando su proyecci\u00f3n internacional en neurociencia computacional.\",\"breadcrumb\":{\"@id\":\"https:\\\/\\\/institutoz-b.org\\\/cns2025-florencia\\\/#breadcrumb\"},\"inLanguage\":\"en-GB\",\"potentialAction\":[{\"@type\":\"ReadAction\",\"target\":[\"https:\\\/\\\/institutoz-b.org\\\/cns2025-florencia\\\/\"]}]},{\"@type\":\"ImageObject\",\"inLanguage\":\"en-GB\",\"@id\":\"https:\\\/\\\/institutoz-b.org\\\/cns2025-florencia\\\/#primaryimage\",\"url\":\"https:\\\/\\\/institutoz-b.org\\\/wp-content\\\/uploads\\\/2025\\\/07\\\/cns-2025-web.jpg\",\"contentUrl\":\"https:\\\/\\\/institutoz-b.org\\\/wp-content\\\/uploads\\\/2025\\\/07\\\/cns-2025-web.jpg\",\"width\":800,\"height\":500,\"caption\":\"cns-2025-web\"},{\"@type\":\"BreadcrumbList\",\"@id\":\"https:\\\/\\\/institutoz-b.org\\\/cns2025-florencia\\\/#breadcrumb\",\"itemListElement\":[{\"@type\":\"ListItem\",\"position\":1,\"name\":\"Portada\",\"item\":\"https:\\\/\\\/institutoz-b.org\\\/\"},{\"@type\":\"ListItem\",\"position\":2,\"name\":\"CNS2025-Florencia\"}]},{\"@type\":\"WebSite\",\"@id\":\"https:\\\/\\\/institutoz-b.org\\\/#website\",\"url\":\"https:\\\/\\\/institutoz-b.org\\\/\",\"name\":\"Instituto Zapata-Brice\u00f1o de Neurociencia\",\"description\":\"Investigaci\u00f3n de la Inteligencia Humana\",\"publisher\":{\"@id\":\"https:\\\/\\\/institutoz-b.org\\\/#organization\"},\"potentialAction\":[{\"@type\":\"SearchAction\",\"target\":{\"@type\":\"EntryPoint\",\"urlTemplate\":\"https:\\\/\\\/institutoz-b.org\\\/?s={search_term_string}\"},\"query-input\":{\"@type\":\"PropertyValueSpecification\",\"valueRequired\":true,\"valueName\":\"search_term_string\"}}],\"inLanguage\":\"en-GB\"},{\"@type\":\"Organization\",\"@id\":\"https:\\\/\\\/institutoz-b.org\\\/#organization\",\"name\":\"Instituto Zapata-Brice\u00f1o de Neurociencia\",\"url\":\"https:\\\/\\\/institutoz-b.org\\\/\",\"logo\":{\"@type\":\"ImageObject\",\"inLanguage\":\"en-GB\",\"@id\":\"https:\\\/\\\/institutoz-b.org\\\/#\\\/schema\\\/logo\\\/image\\\/\",\"url\":\"https:\\\/\\\/institutoz-b.org\\\/wp-content\\\/uploads\\\/2025\\\/01\\\/Logo_yoast_1.jpg\",\"contentUrl\":\"https:\\\/\\\/institutoz-b.org\\\/wp-content\\\/uploads\\\/2025\\\/01\\\/Logo_yoast_1.jpg\",\"width\":696,\"height\":696,\"caption\":\"Instituto Zapata-Brice\u00f1o de Neurociencia\"},\"image\":{\"@id\":\"https:\\\/\\\/institutoz-b.org\\\/#\\\/schema\\\/logo\\\/image\\\/\"},\"sameAs\":[\"https:\\\/\\\/www.facebook.com\\\/fundacionhumanismoyciencia\",\"https:\\\/\\\/www.instagram.com\\\/fundacionhumanismoyciencia_\\\/\",\"https:\\\/\\\/www.linkedin.com\\\/company\\\/fundacion-humanismo-y-ciencia\\\/\",\"https:\\\/\\\/www.youtube.com\\\/@fundacion_humanismo_ciencia\"]},{\"@type\":\"Person\",\"@id\":\"https:\\\/\\\/institutoz-b.org\\\/#\\\/schema\\\/person\\\/cdd465e33aa89ad3361c5606cc330561\",\"name\":\"Walter Hans Villacorta Mendoza\",\"image\":{\"@type\":\"ImageObject\",\"inLanguage\":\"en-GB\",\"@id\":\"https:\\\/\\\/secure.gravatar.com\\\/avatar\\\/d7742f9fb89fcf5b02cd9258b12ec28a501235f5eab924dd903995064b4b15ae?s=96&d=mm&r=g\",\"url\":\"https:\\\/\\\/secure.gravatar.com\\\/avatar\\\/d7742f9fb89fcf5b02cd9258b12ec28a501235f5eab924dd903995064b4b15ae?s=96&d=mm&r=g\",\"contentUrl\":\"https:\\\/\\\/secure.gravatar.com\\\/avatar\\\/d7742f9fb89fcf5b02cd9258b12ec28a501235f5eab924dd903995064b4b15ae?s=96&d=mm&r=g\",\"caption\":\"Walter Hans Villacorta Mendoza\"},\"sameAs\":[\"https:\\\/\\\/www.institutoz-b.org\"]}]}<\/script>\n<!-- \/ Yoast SEO plugin. -->","yoast_head_json":{"title":"CNS2025-Florencia - Instituto Zapata-Brice\u00f1o","description":"El Instituto Zapata-Brice\u00f1o de Neurociencia participa en CNS 2025 en Florencia, reforzando su proyecci\u00f3n internacional en neurociencia computacional.","robots":{"index":"index","follow":"follow","max-snippet":"max-snippet:-1","max-image-preview":"max-image-preview:large","max-video-preview":"max-video-preview:-1"},"canonical":"https:\/\/institutoz-b.org\/en\/cns2025-florencia\/","og_locale":"en_GB","og_type":"article","og_title":"CNS2025-Florencia - Instituto Zapata-Brice\u00f1o","og_description":"El Instituto Zapata-Brice\u00f1o de Neurociencia participa en CNS 2025 en Florencia, reforzando su proyecci\u00f3n internacional en neurociencia computacional.","og_url":"https:\/\/institutoz-b.org\/en\/cns2025-florencia\/","og_site_name":"Instituto Zapata-Brice\u00f1o","article_publisher":"https:\/\/www.facebook.com\/fundacionhumanismoyciencia","article_published_time":"2025-07-17T10:44:00+00:00","article_modified_time":"2026-03-26T16:29:07+00:00","og_image":[{"width":800,"height":500,"url":"https:\/\/institutoz-b.org\/wp-content\/uploads\/2025\/07\/cns-2025-web.jpg","type":"image\/jpeg"}],"author":"Walter Hans Villacorta Mendoza","twitter_card":"summary_large_image","twitter_misc":{"Written by":"Walter Hans Villacorta Mendoza","Estimated reading time":"2 minutes"},"schema":{"@context":"https:\/\/schema.org","@graph":[{"@type":"Article","@id":"https:\/\/institutoz-b.org\/cns2025-florencia\/#article","isPartOf":{"@id":"https:\/\/institutoz-b.org\/cns2025-florencia\/"},"author":{"name":"Walter Hans Villacorta Mendoza","@id":"https:\/\/institutoz-b.org\/#\/schema\/person\/cdd465e33aa89ad3361c5606cc330561"},"headline":"CNS2025-Florencia","datePublished":"2025-07-17T10:44:00+00:00","dateModified":"2026-03-26T16:29:07+00:00","mainEntityOfPage":{"@id":"https:\/\/institutoz-b.org\/cns2025-florencia\/"},"wordCount":273,"commentCount":0,"publisher":{"@id":"https:\/\/institutoz-b.org\/#organization"},"image":{"@id":"https:\/\/institutoz-b.org\/cns2025-florencia\/#primaryimage"},"thumbnailUrl":"https:\/\/institutoz-b.org\/wp-content\/uploads\/2025\/07\/cns-2025-web.jpg","articleSection":["Neurociencia"],"inLanguage":"en-GB","potentialAction":[{"@type":"CommentAction","name":"Comment","target":["https:\/\/institutoz-b.org\/cns2025-florencia\/#respond"]}]},{"@type":"WebPage","@id":"https:\/\/institutoz-b.org\/cns2025-florencia\/","url":"https:\/\/institutoz-b.org\/cns2025-florencia\/","name":"CNS2025-Florencia - Instituto Zapata-Brice\u00f1o","isPartOf":{"@id":"https:\/\/institutoz-b.org\/#website"},"primaryImageOfPage":{"@id":"https:\/\/institutoz-b.org\/cns2025-florencia\/#primaryimage"},"image":{"@id":"https:\/\/institutoz-b.org\/cns2025-florencia\/#primaryimage"},"thumbnailUrl":"https:\/\/institutoz-b.org\/wp-content\/uploads\/2025\/07\/cns-2025-web.jpg","datePublished":"2025-07-17T10:44:00+00:00","dateModified":"2026-03-26T16:29:07+00:00","description":"El Instituto Zapata-Brice\u00f1o de Neurociencia participa en CNS 2025 en Florencia, reforzando su proyecci\u00f3n internacional en neurociencia computacional.","breadcrumb":{"@id":"https:\/\/institutoz-b.org\/cns2025-florencia\/#breadcrumb"},"inLanguage":"en-GB","potentialAction":[{"@type":"ReadAction","target":["https:\/\/institutoz-b.org\/cns2025-florencia\/"]}]},{"@type":"ImageObject","inLanguage":"en-GB","@id":"https:\/\/institutoz-b.org\/cns2025-florencia\/#primaryimage","url":"https:\/\/institutoz-b.org\/wp-content\/uploads\/2025\/07\/cns-2025-web.jpg","contentUrl":"https:\/\/institutoz-b.org\/wp-content\/uploads\/2025\/07\/cns-2025-web.jpg","width":800,"height":500,"caption":"cns-2025-web"},{"@type":"BreadcrumbList","@id":"https:\/\/institutoz-b.org\/cns2025-florencia\/#breadcrumb","itemListElement":[{"@type":"ListItem","position":1,"name":"Portada","item":"https:\/\/institutoz-b.org\/"},{"@type":"ListItem","position":2,"name":"CNS2025-Florencia"}]},{"@type":"WebSite","@id":"https:\/\/institutoz-b.org\/#website","url":"https:\/\/institutoz-b.org\/","name":"Instituto Zapata-Brice\u00f1o de Neurociencia","description":"Investigaci\u00f3n de la Inteligencia Humana","publisher":{"@id":"https:\/\/institutoz-b.org\/#organization"},"potentialAction":[{"@type":"SearchAction","target":{"@type":"EntryPoint","urlTemplate":"https:\/\/institutoz-b.org\/?s={search_term_string}"},"query-input":{"@type":"PropertyValueSpecification","valueRequired":true,"valueName":"search_term_string"}}],"inLanguage":"en-GB"},{"@type":"Organization","@id":"https:\/\/institutoz-b.org\/#organization","name":"Instituto Zapata-Brice\u00f1o de Neurociencia","url":"https:\/\/institutoz-b.org\/","logo":{"@type":"ImageObject","inLanguage":"en-GB","@id":"https:\/\/institutoz-b.org\/#\/schema\/logo\/image\/","url":"https:\/\/institutoz-b.org\/wp-content\/uploads\/2025\/01\/Logo_yoast_1.jpg","contentUrl":"https:\/\/institutoz-b.org\/wp-content\/uploads\/2025\/01\/Logo_yoast_1.jpg","width":696,"height":696,"caption":"Instituto Zapata-Brice\u00f1o de Neurociencia"},"image":{"@id":"https:\/\/institutoz-b.org\/#\/schema\/logo\/image\/"},"sameAs":["https:\/\/www.facebook.com\/fundacionhumanismoyciencia","https:\/\/www.instagram.com\/fundacionhumanismoyciencia_\/","https:\/\/www.linkedin.com\/company\/fundacion-humanismo-y-ciencia\/","https:\/\/www.youtube.com\/@fundacion_humanismo_ciencia"]},{"@type":"Person","@id":"https:\/\/institutoz-b.org\/#\/schema\/person\/cdd465e33aa89ad3361c5606cc330561","name":"Walter Hans Villacorta Mendoza","image":{"@type":"ImageObject","inLanguage":"en-GB","@id":"https:\/\/secure.gravatar.com\/avatar\/d7742f9fb89fcf5b02cd9258b12ec28a501235f5eab924dd903995064b4b15ae?s=96&d=mm&r=g","url":"https:\/\/secure.gravatar.com\/avatar\/d7742f9fb89fcf5b02cd9258b12ec28a501235f5eab924dd903995064b4b15ae?s=96&d=mm&r=g","contentUrl":"https:\/\/secure.gravatar.com\/avatar\/d7742f9fb89fcf5b02cd9258b12ec28a501235f5eab924dd903995064b4b15ae?s=96&d=mm&r=g","caption":"Walter Hans Villacorta Mendoza"},"sameAs":["https:\/\/www.institutoz-b.org"]}]}},"_links":{"self":[{"href":"https:\/\/institutoz-b.org\/en\/wp-json\/wp\/v2\/posts\/5064","targetHints":{"allow":["GET"]}}],"collection":[{"href":"https:\/\/institutoz-b.org\/en\/wp-json\/wp\/v2\/posts"}],"about":[{"href":"https:\/\/institutoz-b.org\/en\/wp-json\/wp\/v2\/types\/post"}],"author":[{"embeddable":true,"href":"https:\/\/institutoz-b.org\/en\/wp-json\/wp\/v2\/users\/15"}],"replies":[{"embeddable":true,"href":"https:\/\/institutoz-b.org\/en\/wp-json\/wp\/v2\/comments?post=5064"}],"version-history":[{"count":1,"href":"https:\/\/institutoz-b.org\/en\/wp-json\/wp\/v2\/posts\/5064\/revisions"}],"predecessor-version":[{"id":5065,"href":"https:\/\/institutoz-b.org\/en\/wp-json\/wp\/v2\/posts\/5064\/revisions\/5065"}],"wp:featuredmedia":[{"embeddable":true,"href":"https:\/\/institutoz-b.org\/en\/wp-json\/wp\/v2\/media\/3581"}],"wp:attachment":[{"href":"https:\/\/institutoz-b.org\/en\/wp-json\/wp\/v2\/media?parent=5064"}],"wp:term":[{"taxonomy":"category","embeddable":true,"href":"https:\/\/institutoz-b.org\/en\/wp-json\/wp\/v2\/categories?post=5064"},{"taxonomy":"post_tag","embeddable":true,"href":"https:\/\/institutoz-b.org\/en\/wp-json\/wp\/v2\/tags?post=5064"}],"curies":[{"name":"wp","href":"https:\/\/api.w.org\/{rel}","templated":true}]}}