{"id":5066,"date":"2025-07-16T12:46:00","date_gmt":"2025-07-16T10:46:00","guid":{"rendered":"https:\/\/institutoz-b.org\/?p=5066"},"modified":"2026-03-26T17:27:28","modified_gmt":"2026-03-26T16:27:28","slug":"curso-de-verano-en-el-escorial-2025","status":"publish","type":"post","link":"https:\/\/institutoz-b.org\/en\/curso-de-verano-en-el-escorial-2025\/","title":{"rendered":"Summer Course in El Escorial 2025"},"content":{"rendered":"<p>El pasado 1 de julio, el Instituto Zapata-Brice\u00f1o de Neurociencia celebr\u00f3 con gran \u00e9xito la jornada cient\u00edfica titulada:<\/p>\n\n\n\n<p>&nbsp;\u201cUncovering the secrets of human intelligence from neuroscience and molecular genetics\u201d<\/p>\n\n\n\n<p>La actividad se llev\u00f3 a cabo en el Hotel EXE Victoria Palace, en San Lorenzo de El Escorial, en el marco de los prestigiosos Cursos de Verano de la Universidad Complutense de Madrid.<\/p>\n\n\n\n<p>Durante esta jornada, investigadores internacionales de reconocido prestigio compartieron los \u00faltimos avances en el estudio de los mecanismos neuronales y gen\u00e9ticos que sustentan la inteligencia humana, generando un espacio de reflexi\u00f3n cr\u00edtica, debate interdisciplinar y colaboraci\u00f3n cient\u00edfica.<\/p>\n\n\n\n<p>El programa incluy\u00f3 las siguientes ponencias:<\/p>\n\n\n\n<p>Adam Chuderski (Jagiellonian University, Cracovia) \u201cBrain oscillations and fluid intelligence: Findings, controversies, and explanatory models\u201d<\/p>\n\n\n\n<p>Kirsten Hilger (Julius Maximilian University of W\u00fcrzburg, Alemania) \u201cNetwork Neuroscience and Machine Learning-Based Predictive Modelling to Understand the Brain Bases of Human Intelligence\u201d<\/p>\n\n\n\n<p>Natalia Gorionouva (Vrije Universiteit Amsterdam, Pa\u00edses Bajos) \u201cHuman Intelligence from a Cellular Perspective\u201d<\/p>\n\n\n\n<p>Mesa redonda final: \u201cCan we identify high cognitive ability looking into the brain?\u201d, con la participaci\u00f3n de los tres ponentes y la moderaci\u00f3n del profesor Roberto Colom (Universidad Aut\u00f3noma de Madrid)<\/p>\n\n\n\n<p>Desde el Instituto Zapata-Brice\u00f1o, queremos expresar nuestro m\u00e1s sincero agradecimiento a todos los asistentes y a los ponentes invitados, cuya generosa participaci\u00f3n hizo posible este encuentro de alto nivel acad\u00e9mico.<\/p>\n\n\n\n<p>Este evento refuerza nuestro compromiso con la investigaci\u00f3n de vanguardia y la divulgaci\u00f3n cient\u00edfica, en nuestro objetivo de comprender mejor el funcionamiento del cerebro humano y el origen biol\u00f3gico de la inteligencia.<\/p>","protected":false},"excerpt":{"rendered":"<p>El pasado 1 de julio, el Instituto Zapata-Brice\u00f1o de Neurociencia celebr\u00f3 con gran \u00e9xito la jornada cient\u00edfica titulada: &nbsp;\u201cUncovering the secrets of human intelligence from neuroscience and molecular genetics\u201d La actividad se llev\u00f3 a cabo en el Hotel EXE Victoria Palace, en San Lorenzo de El Escorial, en el marco de los prestigiosos Cursos de [&hellip;]<\/p>\n","protected":false},"author":15,"featured_media":3550,"comment_status":"open","ping_status":"open","sticky":false,"template":"","format":"standard","meta":{"_acf_changed":false,"footnotes":"","_links_to":"","_links_to_target":""},"categories":[38],"tags":[],"class_list":["post-5066","post","type-post","status-publish","format-standard","has-post-thumbnail","hentry","category-curso-verano"],"acf":[],"yoast_head":"<!-- This site is optimized with the Yoast SEO plugin v27.4 - https:\/\/yoast.com\/product\/yoast-seo-wordpress\/ -->\n<title>Curso de Verano en el Escorial 2025 - Instituto Zapata-Brice\u00f1o<\/title>\n<meta name=\"description\" content=\"Curso de Verano en el Escorial 2025 del Instituto Zapata-Brice\u00f1o, dedicado a la neurociencia computacional y el estudio del cerebro.\" \/>\n<meta name=\"robots\" content=\"index, follow, max-snippet:-1, max-image-preview:large, max-video-preview:-1\" \/>\n<link rel=\"canonical\" href=\"https:\/\/institutoz-b.org\/en\/curso-de-verano-en-el-escorial-2025\/\" \/>\n<meta property=\"og:locale\" content=\"en_GB\" \/>\n<meta property=\"og:type\" content=\"article\" \/>\n<meta property=\"og:title\" content=\"Curso de Verano en el Escorial 2025 - Instituto Zapata-Brice\u00f1o\" \/>\n<meta property=\"og:description\" content=\"Curso de Verano en el Escorial 2025 del Instituto Zapata-Brice\u00f1o, dedicado a la neurociencia computacional y el estudio del cerebro.\" \/>\n<meta property=\"og:url\" content=\"https:\/\/institutoz-b.org\/en\/curso-de-verano-en-el-escorial-2025\/\" \/>\n<meta property=\"og:site_name\" content=\"Instituto Zapata-Brice\u00f1o\" \/>\n<meta property=\"article:publisher\" content=\"https:\/\/www.facebook.com\/fundacionhumanismoyciencia\" \/>\n<meta property=\"article:published_time\" content=\"2025-07-16T10:46:00+00:00\" \/>\n<meta property=\"article:modified_time\" content=\"2026-03-26T16:27:28+00:00\" \/>\n<meta property=\"og:image\" content=\"https:\/\/institutoz-b.org\/wp-content\/uploads\/2025\/07\/Post_web1.jpg\" \/>\n\t<meta property=\"og:image:width\" content=\"800\" \/>\n\t<meta property=\"og:image:height\" content=\"500\" \/>\n\t<meta property=\"og:image:type\" content=\"image\/jpeg\" \/>\n<meta name=\"author\" content=\"Walter Hans Villacorta Mendoza\" \/>\n<meta name=\"twitter:card\" content=\"summary_large_image\" \/>\n<meta name=\"twitter:label1\" content=\"Written by\" \/>\n\t<meta name=\"twitter:data1\" content=\"Walter Hans Villacorta Mendoza\" \/>\n\t<meta name=\"twitter:label2\" content=\"Estimated reading time\" \/>\n\t<meta name=\"twitter:data2\" content=\"2 minutes\" \/>\n<script type=\"application\/ld+json\" class=\"yoast-schema-graph\">{\"@context\":\"https:\\\/\\\/schema.org\",\"@graph\":[{\"@type\":\"Article\",\"@id\":\"https:\\\/\\\/institutoz-b.org\\\/curso-de-verano-en-el-escorial-2025\\\/#article\",\"isPartOf\":{\"@id\":\"https:\\\/\\\/institutoz-b.org\\\/curso-de-verano-en-el-escorial-2025\\\/\"},\"author\":{\"name\":\"Walter Hans Villacorta Mendoza\",\"@id\":\"https:\\\/\\\/institutoz-b.org\\\/#\\\/schema\\\/person\\\/cdd465e33aa89ad3361c5606cc330561\"},\"headline\":\"Curso de Verano en el Escorial 2025\",\"datePublished\":\"2025-07-16T10:46:00+00:00\",\"dateModified\":\"2026-03-26T16:27:28+00:00\",\"mainEntityOfPage\":{\"@id\":\"https:\\\/\\\/institutoz-b.org\\\/curso-de-verano-en-el-escorial-2025\\\/\"},\"wordCount\":275,\"commentCount\":0,\"publisher\":{\"@id\":\"https:\\\/\\\/institutoz-b.org\\\/#organization\"},\"image\":{\"@id\":\"https:\\\/\\\/institutoz-b.org\\\/curso-de-verano-en-el-escorial-2025\\\/#primaryimage\"},\"thumbnailUrl\":\"https:\\\/\\\/institutoz-b.org\\\/wp-content\\\/uploads\\\/2025\\\/07\\\/Post_web1.jpg\",\"articleSection\":[\"Curso Verano\"],\"inLanguage\":\"en-GB\",\"potentialAction\":[{\"@type\":\"CommentAction\",\"name\":\"Comment\",\"target\":[\"https:\\\/\\\/institutoz-b.org\\\/curso-de-verano-en-el-escorial-2025\\\/#respond\"]}]},{\"@type\":\"WebPage\",\"@id\":\"https:\\\/\\\/institutoz-b.org\\\/curso-de-verano-en-el-escorial-2025\\\/\",\"url\":\"https:\\\/\\\/institutoz-b.org\\\/curso-de-verano-en-el-escorial-2025\\\/\",\"name\":\"Curso de Verano en el Escorial 2025 - Instituto Zapata-Brice\u00f1o\",\"isPartOf\":{\"@id\":\"https:\\\/\\\/institutoz-b.org\\\/#website\"},\"primaryImageOfPage\":{\"@id\":\"https:\\\/\\\/institutoz-b.org\\\/curso-de-verano-en-el-escorial-2025\\\/#primaryimage\"},\"image\":{\"@id\":\"https:\\\/\\\/institutoz-b.org\\\/curso-de-verano-en-el-escorial-2025\\\/#primaryimage\"},\"thumbnailUrl\":\"https:\\\/\\\/institutoz-b.org\\\/wp-content\\\/uploads\\\/2025\\\/07\\\/Post_web1.jpg\",\"datePublished\":\"2025-07-16T10:46:00+00:00\",\"dateModified\":\"2026-03-26T16:27:28+00:00\",\"description\":\"Curso de Verano en el Escorial 2025 del Instituto Zapata-Brice\u00f1o, dedicado a la neurociencia computacional y el estudio del cerebro.\",\"breadcrumb\":{\"@id\":\"https:\\\/\\\/institutoz-b.org\\\/curso-de-verano-en-el-escorial-2025\\\/#breadcrumb\"},\"inLanguage\":\"en-GB\",\"potentialAction\":[{\"@type\":\"ReadAction\",\"target\":[\"https:\\\/\\\/institutoz-b.org\\\/curso-de-verano-en-el-escorial-2025\\\/\"]}]},{\"@type\":\"ImageObject\",\"inLanguage\":\"en-GB\",\"@id\":\"https:\\\/\\\/institutoz-b.org\\\/curso-de-verano-en-el-escorial-2025\\\/#primaryimage\",\"url\":\"https:\\\/\\\/institutoz-b.org\\\/wp-content\\\/uploads\\\/2025\\\/07\\\/Post_web1.jpg\",\"contentUrl\":\"https:\\\/\\\/institutoz-b.org\\\/wp-content\\\/uploads\\\/2025\\\/07\\\/Post_web1.jpg\",\"width\":800,\"height\":500,\"caption\":\"Ponentes CV 2025\"},{\"@type\":\"BreadcrumbList\",\"@id\":\"https:\\\/\\\/institutoz-b.org\\\/curso-de-verano-en-el-escorial-2025\\\/#breadcrumb\",\"itemListElement\":[{\"@type\":\"ListItem\",\"position\":1,\"name\":\"Portada\",\"item\":\"https:\\\/\\\/institutoz-b.org\\\/\"},{\"@type\":\"ListItem\",\"position\":2,\"name\":\"Curso de Verano en el Escorial 2025\"}]},{\"@type\":\"WebSite\",\"@id\":\"https:\\\/\\\/institutoz-b.org\\\/#website\",\"url\":\"https:\\\/\\\/institutoz-b.org\\\/\",\"name\":\"Instituto Zapata-Brice\u00f1o de Neurociencia\",\"description\":\"Investigaci\u00f3n de la Inteligencia Humana\",\"publisher\":{\"@id\":\"https:\\\/\\\/institutoz-b.org\\\/#organization\"},\"potentialAction\":[{\"@type\":\"SearchAction\",\"target\":{\"@type\":\"EntryPoint\",\"urlTemplate\":\"https:\\\/\\\/institutoz-b.org\\\/?s={search_term_string}\"},\"query-input\":{\"@type\":\"PropertyValueSpecification\",\"valueRequired\":true,\"valueName\":\"search_term_string\"}}],\"inLanguage\":\"en-GB\"},{\"@type\":\"Organization\",\"@id\":\"https:\\\/\\\/institutoz-b.org\\\/#organization\",\"name\":\"Instituto Zapata-Brice\u00f1o de Neurociencia\",\"url\":\"https:\\\/\\\/institutoz-b.org\\\/\",\"logo\":{\"@type\":\"ImageObject\",\"inLanguage\":\"en-GB\",\"@id\":\"https:\\\/\\\/institutoz-b.org\\\/#\\\/schema\\\/logo\\\/image\\\/\",\"url\":\"https:\\\/\\\/institutoz-b.org\\\/wp-content\\\/uploads\\\/2025\\\/01\\\/Logo_yoast_1.jpg\",\"contentUrl\":\"https:\\\/\\\/institutoz-b.org\\\/wp-content\\\/uploads\\\/2025\\\/01\\\/Logo_yoast_1.jpg\",\"width\":696,\"height\":696,\"caption\":\"Instituto Zapata-Brice\u00f1o de Neurociencia\"},\"image\":{\"@id\":\"https:\\\/\\\/institutoz-b.org\\\/#\\\/schema\\\/logo\\\/image\\\/\"},\"sameAs\":[\"https:\\\/\\\/www.facebook.com\\\/fundacionhumanismoyciencia\",\"https:\\\/\\\/www.instagram.com\\\/fundacionhumanismoyciencia_\\\/\",\"https:\\\/\\\/www.linkedin.com\\\/company\\\/fundacion-humanismo-y-ciencia\\\/\",\"https:\\\/\\\/www.youtube.com\\\/@fundacion_humanismo_ciencia\"]},{\"@type\":\"Person\",\"@id\":\"https:\\\/\\\/institutoz-b.org\\\/#\\\/schema\\\/person\\\/cdd465e33aa89ad3361c5606cc330561\",\"name\":\"Walter Hans Villacorta Mendoza\",\"image\":{\"@type\":\"ImageObject\",\"inLanguage\":\"en-GB\",\"@id\":\"https:\\\/\\\/secure.gravatar.com\\\/avatar\\\/d7742f9fb89fcf5b02cd9258b12ec28a501235f5eab924dd903995064b4b15ae?s=96&d=mm&r=g\",\"url\":\"https:\\\/\\\/secure.gravatar.com\\\/avatar\\\/d7742f9fb89fcf5b02cd9258b12ec28a501235f5eab924dd903995064b4b15ae?s=96&d=mm&r=g\",\"contentUrl\":\"https:\\\/\\\/secure.gravatar.com\\\/avatar\\\/d7742f9fb89fcf5b02cd9258b12ec28a501235f5eab924dd903995064b4b15ae?s=96&d=mm&r=g\",\"caption\":\"Walter Hans Villacorta Mendoza\"},\"sameAs\":[\"https:\\\/\\\/www.institutoz-b.org\"]}]}<\/script>\n<!-- \/ Yoast SEO plugin. -->","yoast_head_json":{"title":"Curso de Verano en el Escorial 2025 - Instituto Zapata-Brice\u00f1o","description":"Curso de Verano en el Escorial 2025 del Instituto Zapata-Brice\u00f1o, dedicado a la neurociencia computacional y el estudio del cerebro.","robots":{"index":"index","follow":"follow","max-snippet":"max-snippet:-1","max-image-preview":"max-image-preview:large","max-video-preview":"max-video-preview:-1"},"canonical":"https:\/\/institutoz-b.org\/en\/curso-de-verano-en-el-escorial-2025\/","og_locale":"en_GB","og_type":"article","og_title":"Curso de Verano en el Escorial 2025 - Instituto Zapata-Brice\u00f1o","og_description":"Curso de Verano en el Escorial 2025 del Instituto Zapata-Brice\u00f1o, dedicado a la neurociencia computacional y el estudio del cerebro.","og_url":"https:\/\/institutoz-b.org\/en\/curso-de-verano-en-el-escorial-2025\/","og_site_name":"Instituto Zapata-Brice\u00f1o","article_publisher":"https:\/\/www.facebook.com\/fundacionhumanismoyciencia","article_published_time":"2025-07-16T10:46:00+00:00","article_modified_time":"2026-03-26T16:27:28+00:00","og_image":[{"width":800,"height":500,"url":"https:\/\/institutoz-b.org\/wp-content\/uploads\/2025\/07\/Post_web1.jpg","type":"image\/jpeg"}],"author":"Walter Hans Villacorta Mendoza","twitter_card":"summary_large_image","twitter_misc":{"Written by":"Walter Hans Villacorta Mendoza","Estimated reading time":"2 minutes"},"schema":{"@context":"https:\/\/schema.org","@graph":[{"@type":"Article","@id":"https:\/\/institutoz-b.org\/curso-de-verano-en-el-escorial-2025\/#article","isPartOf":{"@id":"https:\/\/institutoz-b.org\/curso-de-verano-en-el-escorial-2025\/"},"author":{"name":"Walter Hans Villacorta Mendoza","@id":"https:\/\/institutoz-b.org\/#\/schema\/person\/cdd465e33aa89ad3361c5606cc330561"},"headline":"Curso de Verano en el Escorial 2025","datePublished":"2025-07-16T10:46:00+00:00","dateModified":"2026-03-26T16:27:28+00:00","mainEntityOfPage":{"@id":"https:\/\/institutoz-b.org\/curso-de-verano-en-el-escorial-2025\/"},"wordCount":275,"commentCount":0,"publisher":{"@id":"https:\/\/institutoz-b.org\/#organization"},"image":{"@id":"https:\/\/institutoz-b.org\/curso-de-verano-en-el-escorial-2025\/#primaryimage"},"thumbnailUrl":"https:\/\/institutoz-b.org\/wp-content\/uploads\/2025\/07\/Post_web1.jpg","articleSection":["Curso Verano"],"inLanguage":"en-GB","potentialAction":[{"@type":"CommentAction","name":"Comment","target":["https:\/\/institutoz-b.org\/curso-de-verano-en-el-escorial-2025\/#respond"]}]},{"@type":"WebPage","@id":"https:\/\/institutoz-b.org\/curso-de-verano-en-el-escorial-2025\/","url":"https:\/\/institutoz-b.org\/curso-de-verano-en-el-escorial-2025\/","name":"Curso de Verano en el Escorial 2025 - Instituto Zapata-Brice\u00f1o","isPartOf":{"@id":"https:\/\/institutoz-b.org\/#website"},"primaryImageOfPage":{"@id":"https:\/\/institutoz-b.org\/curso-de-verano-en-el-escorial-2025\/#primaryimage"},"image":{"@id":"https:\/\/institutoz-b.org\/curso-de-verano-en-el-escorial-2025\/#primaryimage"},"thumbnailUrl":"https:\/\/institutoz-b.org\/wp-content\/uploads\/2025\/07\/Post_web1.jpg","datePublished":"2025-07-16T10:46:00+00:00","dateModified":"2026-03-26T16:27:28+00:00","description":"Curso de Verano en el Escorial 2025 del Instituto Zapata-Brice\u00f1o, dedicado a la neurociencia computacional y el estudio del cerebro.","breadcrumb":{"@id":"https:\/\/institutoz-b.org\/curso-de-verano-en-el-escorial-2025\/#breadcrumb"},"inLanguage":"en-GB","potentialAction":[{"@type":"ReadAction","target":["https:\/\/institutoz-b.org\/curso-de-verano-en-el-escorial-2025\/"]}]},{"@type":"ImageObject","inLanguage":"en-GB","@id":"https:\/\/institutoz-b.org\/curso-de-verano-en-el-escorial-2025\/#primaryimage","url":"https:\/\/institutoz-b.org\/wp-content\/uploads\/2025\/07\/Post_web1.jpg","contentUrl":"https:\/\/institutoz-b.org\/wp-content\/uploads\/2025\/07\/Post_web1.jpg","width":800,"height":500,"caption":"Ponentes CV 2025"},{"@type":"BreadcrumbList","@id":"https:\/\/institutoz-b.org\/curso-de-verano-en-el-escorial-2025\/#breadcrumb","itemListElement":[{"@type":"ListItem","position":1,"name":"Portada","item":"https:\/\/institutoz-b.org\/"},{"@type":"ListItem","position":2,"name":"Curso de Verano en el Escorial 2025"}]},{"@type":"WebSite","@id":"https:\/\/institutoz-b.org\/#website","url":"https:\/\/institutoz-b.org\/","name":"Instituto Zapata-Brice\u00f1o de Neurociencia","description":"Investigaci\u00f3n de la Inteligencia Humana","publisher":{"@id":"https:\/\/institutoz-b.org\/#organization"},"potentialAction":[{"@type":"SearchAction","target":{"@type":"EntryPoint","urlTemplate":"https:\/\/institutoz-b.org\/?s={search_term_string}"},"query-input":{"@type":"PropertyValueSpecification","valueRequired":true,"valueName":"search_term_string"}}],"inLanguage":"en-GB"},{"@type":"Organization","@id":"https:\/\/institutoz-b.org\/#organization","name":"Instituto Zapata-Brice\u00f1o de Neurociencia","url":"https:\/\/institutoz-b.org\/","logo":{"@type":"ImageObject","inLanguage":"en-GB","@id":"https:\/\/institutoz-b.org\/#\/schema\/logo\/image\/","url":"https:\/\/institutoz-b.org\/wp-content\/uploads\/2025\/01\/Logo_yoast_1.jpg","contentUrl":"https:\/\/institutoz-b.org\/wp-content\/uploads\/2025\/01\/Logo_yoast_1.jpg","width":696,"height":696,"caption":"Instituto Zapata-Brice\u00f1o de Neurociencia"},"image":{"@id":"https:\/\/institutoz-b.org\/#\/schema\/logo\/image\/"},"sameAs":["https:\/\/www.facebook.com\/fundacionhumanismoyciencia","https:\/\/www.instagram.com\/fundacionhumanismoyciencia_\/","https:\/\/www.linkedin.com\/company\/fundacion-humanismo-y-ciencia\/","https:\/\/www.youtube.com\/@fundacion_humanismo_ciencia"]},{"@type":"Person","@id":"https:\/\/institutoz-b.org\/#\/schema\/person\/cdd465e33aa89ad3361c5606cc330561","name":"Walter Hans Villacorta Mendoza","image":{"@type":"ImageObject","inLanguage":"en-GB","@id":"https:\/\/secure.gravatar.com\/avatar\/d7742f9fb89fcf5b02cd9258b12ec28a501235f5eab924dd903995064b4b15ae?s=96&d=mm&r=g","url":"https:\/\/secure.gravatar.com\/avatar\/d7742f9fb89fcf5b02cd9258b12ec28a501235f5eab924dd903995064b4b15ae?s=96&d=mm&r=g","contentUrl":"https:\/\/secure.gravatar.com\/avatar\/d7742f9fb89fcf5b02cd9258b12ec28a501235f5eab924dd903995064b4b15ae?s=96&d=mm&r=g","caption":"Walter Hans Villacorta Mendoza"},"sameAs":["https:\/\/www.institutoz-b.org"]}]}},"_links":{"self":[{"href":"https:\/\/institutoz-b.org\/en\/wp-json\/wp\/v2\/posts\/5066","targetHints":{"allow":["GET"]}}],"collection":[{"href":"https:\/\/institutoz-b.org\/en\/wp-json\/wp\/v2\/posts"}],"about":[{"href":"https:\/\/institutoz-b.org\/en\/wp-json\/wp\/v2\/types\/post"}],"author":[{"embeddable":true,"href":"https:\/\/institutoz-b.org\/en\/wp-json\/wp\/v2\/users\/15"}],"replies":[{"embeddable":true,"href":"https:\/\/institutoz-b.org\/en\/wp-json\/wp\/v2\/comments?post=5066"}],"version-history":[{"count":1,"href":"https:\/\/institutoz-b.org\/en\/wp-json\/wp\/v2\/posts\/5066\/revisions"}],"predecessor-version":[{"id":5067,"href":"https:\/\/institutoz-b.org\/en\/wp-json\/wp\/v2\/posts\/5066\/revisions\/5067"}],"wp:featuredmedia":[{"embeddable":true,"href":"https:\/\/institutoz-b.org\/en\/wp-json\/wp\/v2\/media\/3550"}],"wp:attachment":[{"href":"https:\/\/institutoz-b.org\/en\/wp-json\/wp\/v2\/media?parent=5066"}],"wp:term":[{"taxonomy":"category","embeddable":true,"href":"https:\/\/institutoz-b.org\/en\/wp-json\/wp\/v2\/categories?post=5066"},{"taxonomy":"post_tag","embeddable":true,"href":"https:\/\/institutoz-b.org\/en\/wp-json\/wp\/v2\/tags?post=5066"}],"curies":[{"name":"wp","href":"https:\/\/api.w.org\/{rel}","templated":true}]}}