{"id":5162,"date":"2024-07-10T16:53:00","date_gmt":"2024-07-10T14:53:00","guid":{"rendered":"https:\/\/institutoz-b.org\/?p=5162"},"modified":"2026-03-26T17:16:17","modified_gmt":"2026-03-26T16:16:17","slug":"adelia-martinez-participa-en-el-fens","status":"publish","type":"post","link":"https:\/\/institutoz-b.org\/en\/adelia-martinez-participa-en-el-fens\/","title":{"rendered":"Adelia Mart\u00ednez participates in the FENS."},"content":{"rendered":"<p>Nos complace anunciar que Adelia Mart\u00ednez, investigadora de la Fundaci\u00f3n Humanismo y Ciencia Zapata Brice\u00f1o y del Centro de Neurociencia Cognitiva y Computacional (C3N), ha participado en el Congreso Internacional de la Federaci\u00f3n de Sociedades Europeas de Neurociencia (FENS) 2024, celebrado en el Messe Wien, Viena, Austria, del 25 al 29 de junio de 2024.<\/p>\n\n\n\n<p>El FENS es considerado el mayor congreso de neurociencia de Europa y abarca todas las \u00e1reas de la neurociencia, desde la investigaci\u00f3n b\u00e1sica hasta la traslacional. En \u00e9l, Adelia present\u00f3 un p\u00f3ster titulado \u201cCognitive and intelligence measures for ADHD identification by machine learning models\u201d, donde expuso sus investigaciones sobre el desarrollo de algoritmos de machine learning para identificar patrones relevantes para el diagn\u00f3stico del Trastorno de D\u00e9ficit de Atenci\u00f3n e Hiperactividad (TDAH) basado en medidas de inteligencia.<\/p>\n\n\n\n<p>Este congreso incluy\u00f3 un prestigioso programa de conferencias plenarias, simposios cient\u00edficos, talleres t\u00e9cnicos y eventos de inter\u00e9s especial, brindando amplias oportunidades de desarrollo profesional y networking. El evento es una excelente manera de sumergirse en los \u00faltimos hallazgos de investigaci\u00f3n del sector, conectar con expertos y difundir nuestros hallazgos<\/p>","protected":false},"excerpt":{"rendered":"<p>Nos complace anunciar que Adelia Mart\u00ednez, investigadora de la Fundaci\u00f3n Humanismo y Ciencia Zapata Brice\u00f1o y del Centro de Neurociencia Cognitiva y Computacional (C3N), ha participado en el Congreso Internacional de la Federaci\u00f3n de Sociedades Europeas de Neurociencia (FENS) 2024, celebrado en el Messe Wien, Viena, Austria, del 25 al 29 de junio de 2024. [&hellip;]<\/p>\n","protected":false},"author":15,"featured_media":1639,"comment_status":"open","ping_status":"open","sticky":false,"template":"","format":"standard","meta":{"_acf_changed":false,"footnotes":"","_links_to":"","_links_to_target":""},"categories":[33],"tags":[],"class_list":["post-5162","post","type-post","status-publish","format-standard","has-post-thumbnail","hentry","category-neurociencia"],"acf":[],"yoast_head":"<!-- This site is optimized with the Yoast SEO plugin v27.5 - https:\/\/yoast.com\/product\/yoast-seo-wordpress\/ -->\n<title>Adelia Mart\u00ednez participa en el FENS - Instituto Zapata-Brice\u00f1o<\/title>\n<meta name=\"description\" content=\"Adelia Mart\u00ednez participa en el congreso FENS, presentando su investigaci\u00f3n en neurociencia cognitiva y modelos de machine learning.\" \/>\n<meta name=\"robots\" content=\"index, follow, max-snippet:-1, max-image-preview:large, max-video-preview:-1\" \/>\n<link rel=\"canonical\" href=\"https:\/\/institutoz-b.org\/en\/adelia-martinez-participa-en-el-fens\/\" \/>\n<meta property=\"og:locale\" content=\"en_GB\" \/>\n<meta property=\"og:type\" content=\"article\" \/>\n<meta property=\"og:title\" content=\"Adelia Mart\u00ednez participa en el FENS - Instituto Zapata-Brice\u00f1o\" \/>\n<meta property=\"og:description\" content=\"Adelia Mart\u00ednez participa en el congreso FENS, presentando su investigaci\u00f3n en neurociencia cognitiva y modelos de machine learning.\" \/>\n<meta property=\"og:url\" content=\"https:\/\/institutoz-b.org\/en\/adelia-martinez-participa-en-el-fens\/\" \/>\n<meta property=\"og:site_name\" content=\"Instituto Zapata-Brice\u00f1o\" \/>\n<meta property=\"article:publisher\" content=\"https:\/\/www.facebook.com\/fundacionhumanismoyciencia\" \/>\n<meta property=\"article:published_time\" content=\"2024-07-10T14:53:00+00:00\" \/>\n<meta property=\"article:modified_time\" content=\"2026-03-26T16:16:17+00:00\" \/>\n<meta property=\"og:image\" content=\"https:\/\/institutoz-b.org\/wp-content\/uploads\/2024\/10\/Adelia_congreso.jpg\" \/>\n\t<meta property=\"og:image:width\" content=\"800\" \/>\n\t<meta property=\"og:image:height\" content=\"500\" \/>\n\t<meta property=\"og:image:type\" content=\"image\/jpeg\" \/>\n<meta name=\"author\" content=\"Walter Hans Villacorta Mendoza\" \/>\n<meta name=\"twitter:card\" content=\"summary_large_image\" \/>\n<meta name=\"twitter:label1\" content=\"Written by\" \/>\n\t<meta name=\"twitter:data1\" content=\"Walter Hans Villacorta Mendoza\" \/>\n\t<meta name=\"twitter:label2\" content=\"Estimated reading time\" \/>\n\t<meta name=\"twitter:data2\" content=\"2 minutes\" \/>\n<script type=\"application\/ld+json\" class=\"yoast-schema-graph\">{\"@context\":\"https:\\\/\\\/schema.org\",\"@graph\":[{\"@type\":\"Article\",\"@id\":\"https:\\\/\\\/institutoz-b.org\\\/adelia-martinez-participa-en-el-fens\\\/#article\",\"isPartOf\":{\"@id\":\"https:\\\/\\\/institutoz-b.org\\\/adelia-martinez-participa-en-el-fens\\\/\"},\"author\":{\"name\":\"Walter Hans Villacorta Mendoza\",\"@id\":\"https:\\\/\\\/institutoz-b.org\\\/#\\\/schema\\\/person\\\/cdd465e33aa89ad3361c5606cc330561\"},\"headline\":\"Adelia Mart\u00ednez participa en el FENS\",\"datePublished\":\"2024-07-10T14:53:00+00:00\",\"dateModified\":\"2026-03-26T16:16:17+00:00\",\"mainEntityOfPage\":{\"@id\":\"https:\\\/\\\/institutoz-b.org\\\/adelia-martinez-participa-en-el-fens\\\/\"},\"wordCount\":199,\"commentCount\":0,\"publisher\":{\"@id\":\"https:\\\/\\\/institutoz-b.org\\\/#organization\"},\"image\":{\"@id\":\"https:\\\/\\\/institutoz-b.org\\\/adelia-martinez-participa-en-el-fens\\\/#primaryimage\"},\"thumbnailUrl\":\"https:\\\/\\\/institutoz-b.org\\\/wp-content\\\/uploads\\\/2024\\\/10\\\/Adelia_congreso.jpg\",\"articleSection\":[\"Neurociencia\"],\"inLanguage\":\"en-GB\",\"potentialAction\":[{\"@type\":\"CommentAction\",\"name\":\"Comment\",\"target\":[\"https:\\\/\\\/institutoz-b.org\\\/adelia-martinez-participa-en-el-fens\\\/#respond\"]}]},{\"@type\":\"WebPage\",\"@id\":\"https:\\\/\\\/institutoz-b.org\\\/adelia-martinez-participa-en-el-fens\\\/\",\"url\":\"https:\\\/\\\/institutoz-b.org\\\/adelia-martinez-participa-en-el-fens\\\/\",\"name\":\"Adelia Mart\u00ednez participa en el FENS - Instituto Zapata-Brice\u00f1o\",\"isPartOf\":{\"@id\":\"https:\\\/\\\/institutoz-b.org\\\/#website\"},\"primaryImageOfPage\":{\"@id\":\"https:\\\/\\\/institutoz-b.org\\\/adelia-martinez-participa-en-el-fens\\\/#primaryimage\"},\"image\":{\"@id\":\"https:\\\/\\\/institutoz-b.org\\\/adelia-martinez-participa-en-el-fens\\\/#primaryimage\"},\"thumbnailUrl\":\"https:\\\/\\\/institutoz-b.org\\\/wp-content\\\/uploads\\\/2024\\\/10\\\/Adelia_congreso.jpg\",\"datePublished\":\"2024-07-10T14:53:00+00:00\",\"dateModified\":\"2026-03-26T16:16:17+00:00\",\"description\":\"Adelia Mart\u00ednez participa en el congreso FENS, presentando su investigaci\u00f3n en neurociencia cognitiva y modelos de machine learning.\",\"breadcrumb\":{\"@id\":\"https:\\\/\\\/institutoz-b.org\\\/adelia-martinez-participa-en-el-fens\\\/#breadcrumb\"},\"inLanguage\":\"en-GB\",\"potentialAction\":[{\"@type\":\"ReadAction\",\"target\":[\"https:\\\/\\\/institutoz-b.org\\\/adelia-martinez-participa-en-el-fens\\\/\"]}]},{\"@type\":\"ImageObject\",\"inLanguage\":\"en-GB\",\"@id\":\"https:\\\/\\\/institutoz-b.org\\\/adelia-martinez-participa-en-el-fens\\\/#primaryimage\",\"url\":\"https:\\\/\\\/institutoz-b.org\\\/wp-content\\\/uploads\\\/2024\\\/10\\\/Adelia_congreso.jpg\",\"contentUrl\":\"https:\\\/\\\/institutoz-b.org\\\/wp-content\\\/uploads\\\/2024\\\/10\\\/Adelia_congreso.jpg\",\"width\":800,\"height\":500,\"caption\":\"Adelia_congreso\"},{\"@type\":\"BreadcrumbList\",\"@id\":\"https:\\\/\\\/institutoz-b.org\\\/adelia-martinez-participa-en-el-fens\\\/#breadcrumb\",\"itemListElement\":[{\"@type\":\"ListItem\",\"position\":1,\"name\":\"Portada\",\"item\":\"https:\\\/\\\/institutoz-b.org\\\/\"},{\"@type\":\"ListItem\",\"position\":2,\"name\":\"Adelia Mart\u00ednez participa en el FENS\"}]},{\"@type\":\"WebSite\",\"@id\":\"https:\\\/\\\/institutoz-b.org\\\/#website\",\"url\":\"https:\\\/\\\/institutoz-b.org\\\/\",\"name\":\"Instituto Zapata-Brice\u00f1o de Neurociencia\",\"description\":\"Investigaci\u00f3n de la Inteligencia Humana\",\"publisher\":{\"@id\":\"https:\\\/\\\/institutoz-b.org\\\/#organization\"},\"potentialAction\":[{\"@type\":\"SearchAction\",\"target\":{\"@type\":\"EntryPoint\",\"urlTemplate\":\"https:\\\/\\\/institutoz-b.org\\\/?s={search_term_string}\"},\"query-input\":{\"@type\":\"PropertyValueSpecification\",\"valueRequired\":true,\"valueName\":\"search_term_string\"}}],\"inLanguage\":\"en-GB\"},{\"@type\":\"Organization\",\"@id\":\"https:\\\/\\\/institutoz-b.org\\\/#organization\",\"name\":\"Instituto Zapata-Brice\u00f1o de Neurociencia\",\"url\":\"https:\\\/\\\/institutoz-b.org\\\/\",\"logo\":{\"@type\":\"ImageObject\",\"inLanguage\":\"en-GB\",\"@id\":\"https:\\\/\\\/institutoz-b.org\\\/#\\\/schema\\\/logo\\\/image\\\/\",\"url\":\"https:\\\/\\\/institutoz-b.org\\\/wp-content\\\/uploads\\\/2025\\\/01\\\/Logo_yoast_1.jpg\",\"contentUrl\":\"https:\\\/\\\/institutoz-b.org\\\/wp-content\\\/uploads\\\/2025\\\/01\\\/Logo_yoast_1.jpg\",\"width\":696,\"height\":696,\"caption\":\"Instituto Zapata-Brice\u00f1o de Neurociencia\"},\"image\":{\"@id\":\"https:\\\/\\\/institutoz-b.org\\\/#\\\/schema\\\/logo\\\/image\\\/\"},\"sameAs\":[\"https:\\\/\\\/www.facebook.com\\\/fundacionhumanismoyciencia\",\"https:\\\/\\\/www.instagram.com\\\/fundacionhumanismoyciencia_\\\/\",\"https:\\\/\\\/www.linkedin.com\\\/company\\\/fundacion-humanismo-y-ciencia\\\/\",\"https:\\\/\\\/www.youtube.com\\\/@fundacion_humanismo_ciencia\"]},{\"@type\":\"Person\",\"@id\":\"https:\\\/\\\/institutoz-b.org\\\/#\\\/schema\\\/person\\\/cdd465e33aa89ad3361c5606cc330561\",\"name\":\"Walter Hans Villacorta Mendoza\",\"image\":{\"@type\":\"ImageObject\",\"inLanguage\":\"en-GB\",\"@id\":\"https:\\\/\\\/secure.gravatar.com\\\/avatar\\\/d7742f9fb89fcf5b02cd9258b12ec28a501235f5eab924dd903995064b4b15ae?s=96&d=mm&r=g\",\"url\":\"https:\\\/\\\/secure.gravatar.com\\\/avatar\\\/d7742f9fb89fcf5b02cd9258b12ec28a501235f5eab924dd903995064b4b15ae?s=96&d=mm&r=g\",\"contentUrl\":\"https:\\\/\\\/secure.gravatar.com\\\/avatar\\\/d7742f9fb89fcf5b02cd9258b12ec28a501235f5eab924dd903995064b4b15ae?s=96&d=mm&r=g\",\"caption\":\"Walter Hans Villacorta Mendoza\"},\"sameAs\":[\"https:\\\/\\\/www.institutoz-b.org\"]}]}<\/script>\n<!-- \/ Yoast SEO plugin. -->","yoast_head_json":{"title":"Adelia Mart\u00ednez participa en el FENS - Instituto Zapata-Brice\u00f1o","description":"Adelia Mart\u00ednez participa en el congreso FENS, presentando su investigaci\u00f3n en neurociencia cognitiva y modelos de machine learning.","robots":{"index":"index","follow":"follow","max-snippet":"max-snippet:-1","max-image-preview":"max-image-preview:large","max-video-preview":"max-video-preview:-1"},"canonical":"https:\/\/institutoz-b.org\/en\/adelia-martinez-participa-en-el-fens\/","og_locale":"en_GB","og_type":"article","og_title":"Adelia Mart\u00ednez participa en el FENS - Instituto Zapata-Brice\u00f1o","og_description":"Adelia Mart\u00ednez participa en el congreso FENS, presentando su investigaci\u00f3n en neurociencia cognitiva y modelos de machine learning.","og_url":"https:\/\/institutoz-b.org\/en\/adelia-martinez-participa-en-el-fens\/","og_site_name":"Instituto Zapata-Brice\u00f1o","article_publisher":"https:\/\/www.facebook.com\/fundacionhumanismoyciencia","article_published_time":"2024-07-10T14:53:00+00:00","article_modified_time":"2026-03-26T16:16:17+00:00","og_image":[{"width":800,"height":500,"url":"https:\/\/institutoz-b.org\/wp-content\/uploads\/2024\/10\/Adelia_congreso.jpg","type":"image\/jpeg"}],"author":"Walter Hans Villacorta Mendoza","twitter_card":"summary_large_image","twitter_misc":{"Written by":"Walter Hans Villacorta Mendoza","Estimated reading time":"2 minutes"},"schema":{"@context":"https:\/\/schema.org","@graph":[{"@type":"Article","@id":"https:\/\/institutoz-b.org\/adelia-martinez-participa-en-el-fens\/#article","isPartOf":{"@id":"https:\/\/institutoz-b.org\/adelia-martinez-participa-en-el-fens\/"},"author":{"name":"Walter Hans Villacorta Mendoza","@id":"https:\/\/institutoz-b.org\/#\/schema\/person\/cdd465e33aa89ad3361c5606cc330561"},"headline":"Adelia Mart\u00ednez participa en el FENS","datePublished":"2024-07-10T14:53:00+00:00","dateModified":"2026-03-26T16:16:17+00:00","mainEntityOfPage":{"@id":"https:\/\/institutoz-b.org\/adelia-martinez-participa-en-el-fens\/"},"wordCount":199,"commentCount":0,"publisher":{"@id":"https:\/\/institutoz-b.org\/#organization"},"image":{"@id":"https:\/\/institutoz-b.org\/adelia-martinez-participa-en-el-fens\/#primaryimage"},"thumbnailUrl":"https:\/\/institutoz-b.org\/wp-content\/uploads\/2024\/10\/Adelia_congreso.jpg","articleSection":["Neurociencia"],"inLanguage":"en-GB","potentialAction":[{"@type":"CommentAction","name":"Comment","target":["https:\/\/institutoz-b.org\/adelia-martinez-participa-en-el-fens\/#respond"]}]},{"@type":"WebPage","@id":"https:\/\/institutoz-b.org\/adelia-martinez-participa-en-el-fens\/","url":"https:\/\/institutoz-b.org\/adelia-martinez-participa-en-el-fens\/","name":"Adelia Mart\u00ednez participa en el FENS - Instituto Zapata-Brice\u00f1o","isPartOf":{"@id":"https:\/\/institutoz-b.org\/#website"},"primaryImageOfPage":{"@id":"https:\/\/institutoz-b.org\/adelia-martinez-participa-en-el-fens\/#primaryimage"},"image":{"@id":"https:\/\/institutoz-b.org\/adelia-martinez-participa-en-el-fens\/#primaryimage"},"thumbnailUrl":"https:\/\/institutoz-b.org\/wp-content\/uploads\/2024\/10\/Adelia_congreso.jpg","datePublished":"2024-07-10T14:53:00+00:00","dateModified":"2026-03-26T16:16:17+00:00","description":"Adelia Mart\u00ednez participa en el congreso FENS, presentando su investigaci\u00f3n en neurociencia cognitiva y modelos de machine learning.","breadcrumb":{"@id":"https:\/\/institutoz-b.org\/adelia-martinez-participa-en-el-fens\/#breadcrumb"},"inLanguage":"en-GB","potentialAction":[{"@type":"ReadAction","target":["https:\/\/institutoz-b.org\/adelia-martinez-participa-en-el-fens\/"]}]},{"@type":"ImageObject","inLanguage":"en-GB","@id":"https:\/\/institutoz-b.org\/adelia-martinez-participa-en-el-fens\/#primaryimage","url":"https:\/\/institutoz-b.org\/wp-content\/uploads\/2024\/10\/Adelia_congreso.jpg","contentUrl":"https:\/\/institutoz-b.org\/wp-content\/uploads\/2024\/10\/Adelia_congreso.jpg","width":800,"height":500,"caption":"Adelia_congreso"},{"@type":"BreadcrumbList","@id":"https:\/\/institutoz-b.org\/adelia-martinez-participa-en-el-fens\/#breadcrumb","itemListElement":[{"@type":"ListItem","position":1,"name":"Portada","item":"https:\/\/institutoz-b.org\/"},{"@type":"ListItem","position":2,"name":"Adelia Mart\u00ednez participa en el FENS"}]},{"@type":"WebSite","@id":"https:\/\/institutoz-b.org\/#website","url":"https:\/\/institutoz-b.org\/","name":"Instituto Zapata-Brice\u00f1o de Neurociencia","description":"Investigaci\u00f3n de la Inteligencia Humana","publisher":{"@id":"https:\/\/institutoz-b.org\/#organization"},"potentialAction":[{"@type":"SearchAction","target":{"@type":"EntryPoint","urlTemplate":"https:\/\/institutoz-b.org\/?s={search_term_string}"},"query-input":{"@type":"PropertyValueSpecification","valueRequired":true,"valueName":"search_term_string"}}],"inLanguage":"en-GB"},{"@type":"Organization","@id":"https:\/\/institutoz-b.org\/#organization","name":"Instituto Zapata-Brice\u00f1o de Neurociencia","url":"https:\/\/institutoz-b.org\/","logo":{"@type":"ImageObject","inLanguage":"en-GB","@id":"https:\/\/institutoz-b.org\/#\/schema\/logo\/image\/","url":"https:\/\/institutoz-b.org\/wp-content\/uploads\/2025\/01\/Logo_yoast_1.jpg","contentUrl":"https:\/\/institutoz-b.org\/wp-content\/uploads\/2025\/01\/Logo_yoast_1.jpg","width":696,"height":696,"caption":"Instituto Zapata-Brice\u00f1o de Neurociencia"},"image":{"@id":"https:\/\/institutoz-b.org\/#\/schema\/logo\/image\/"},"sameAs":["https:\/\/www.facebook.com\/fundacionhumanismoyciencia","https:\/\/www.instagram.com\/fundacionhumanismoyciencia_\/","https:\/\/www.linkedin.com\/company\/fundacion-humanismo-y-ciencia\/","https:\/\/www.youtube.com\/@fundacion_humanismo_ciencia"]},{"@type":"Person","@id":"https:\/\/institutoz-b.org\/#\/schema\/person\/cdd465e33aa89ad3361c5606cc330561","name":"Walter Hans Villacorta Mendoza","image":{"@type":"ImageObject","inLanguage":"en-GB","@id":"https:\/\/secure.gravatar.com\/avatar\/d7742f9fb89fcf5b02cd9258b12ec28a501235f5eab924dd903995064b4b15ae?s=96&d=mm&r=g","url":"https:\/\/secure.gravatar.com\/avatar\/d7742f9fb89fcf5b02cd9258b12ec28a501235f5eab924dd903995064b4b15ae?s=96&d=mm&r=g","contentUrl":"https:\/\/secure.gravatar.com\/avatar\/d7742f9fb89fcf5b02cd9258b12ec28a501235f5eab924dd903995064b4b15ae?s=96&d=mm&r=g","caption":"Walter Hans Villacorta Mendoza"},"sameAs":["https:\/\/www.institutoz-b.org"]}]}},"_links":{"self":[{"href":"https:\/\/institutoz-b.org\/en\/wp-json\/wp\/v2\/posts\/5162","targetHints":{"allow":["GET"]}}],"collection":[{"href":"https:\/\/institutoz-b.org\/en\/wp-json\/wp\/v2\/posts"}],"about":[{"href":"https:\/\/institutoz-b.org\/en\/wp-json\/wp\/v2\/types\/post"}],"author":[{"embeddable":true,"href":"https:\/\/institutoz-b.org\/en\/wp-json\/wp\/v2\/users\/15"}],"replies":[{"embeddable":true,"href":"https:\/\/institutoz-b.org\/en\/wp-json\/wp\/v2\/comments?post=5162"}],"version-history":[{"count":1,"href":"https:\/\/institutoz-b.org\/en\/wp-json\/wp\/v2\/posts\/5162\/revisions"}],"predecessor-version":[{"id":5163,"href":"https:\/\/institutoz-b.org\/en\/wp-json\/wp\/v2\/posts\/5162\/revisions\/5163"}],"wp:featuredmedia":[{"embeddable":true,"href":"https:\/\/institutoz-b.org\/en\/wp-json\/wp\/v2\/media\/1639"}],"wp:attachment":[{"href":"https:\/\/institutoz-b.org\/en\/wp-json\/wp\/v2\/media?parent=5162"}],"wp:term":[{"taxonomy":"category","embeddable":true,"href":"https:\/\/institutoz-b.org\/en\/wp-json\/wp\/v2\/categories?post=5162"},{"taxonomy":"post_tag","embeddable":true,"href":"https:\/\/institutoz-b.org\/en\/wp-json\/wp\/v2\/tags?post=5162"}],"curies":[{"name":"wp","href":"https:\/\/api.w.org\/{rel}","templated":true}]}}